{"id":26454,"date":"2021-04-26T07:56:49","date_gmt":"2021-04-26T12:56:49","guid":{"rendered":"http:\/\/www.zonaroja.com.mx\/?p=26454"},"modified":"2021-04-26T07:47:34","modified_gmt":"2021-04-26T12:47:34","slug":"opinion-promovio-violacion-de-la-constitucion-y-quiere-ser-gobernador","status":"publish","type":"post","link":"https:\/\/zonaroja.com.mx\/?p=26454","title":{"rendered":"Opini\u00f3n. Promovi\u00f3 violaci\u00f3n de la Constituci\u00f3n\u2026 y quiere ser gobernador"},"content":{"rendered":"\n<p>Ismael Garc\u00eda M.\/Zona Roja.<\/p>\n\n\n\n<p>Oaxaca de Ju\u00e1rez, Oax., 26 de abril de 2021.- Su genuflexi\u00f3n permanente con los morenistas y su ignorancia de las leyes, lo llev\u00f3 a un punto de partida sin retorno, que en pocos meses le pesar\u00e1 en su aspiraci\u00f3n estatal.<\/p>\n\n\n\n<p>S\u00ed. Ra\u00fal Bola\u00f1os Cacho Cu\u00e9 no midi\u00f3 ni los tiempos ni las consecuencias pol\u00edticas en su decisi\u00f3n de proponer subrepticiamente y apoyar la violaci\u00f3n a la Constituci\u00f3n General de la Rep\u00fablica, en el af\u00e1n de ganar respaldo morenista para las elecciones que inician en septiembre pr\u00f3ximo\u2026 y que no lograr\u00e1.<\/p>\n\n\n\n<p>No hered\u00f3 nada de sus ancestros: Hijo de hist\u00f3ricos personajes de la llamada \u201cvallistocracia\u201d, que han sido gobernadores, senadores, diputados, hasta llegar a su padre Ra\u00fal Bola\u00f1os Cacho Guzm\u00e1n, un hombre respetuoso y respetable, dos veces presidente del Tribunal Superior de Justicia y este s\u00ed, conocedor de la ley; actualmente, c\u00f3nsul en Brasil.<\/p>\n\n\n\n<p>\u00bfQUI\u00c9N ES?<\/p>\n\n\n\n<p>Su carrera pol\u00edtica es incipiente y ha estado ligada al gobernador Alejandro Murat Hinojosa, de quien fue secretario particular cuando el hoy mandatario fue director general del Infonavit.<\/p>\n\n\n\n<p>De acuerdo con los datos difundidos en Wikipedia, es nieto de Ra\u00fal Bola\u00f1os-Cacho G\u00fcendulain, que fue diputado federal. Todos descienden de Miguel Bola\u00f1os Cacho, gobernador de Oaxaca en 1902 y entre 1912 y 1914, y una de cuyas hermanas, Sabina Bola\u00f1os Cacho, fue la madre de Gustavo D\u00edaz Ordaz, presidente de M\u00e9xico de 1964 a 1970.<\/p>\n\n\n\n<p>El junior es licenciado en Derecho por la Universidad Iberoamericana y desde adolescente hizo carrera educativa fuera de Oaxaca; es decir, no tiene ascendencia ni conoce al estado, salvo por los recorridos que hizo en campa\u00f1a con Alejandro Murat. Tiene, por cierto, posgrados en Harvard y en Pensilvania.<\/p>\n\n\n\n<p>Tambi\u00e9n de la mano de Alejandro, estuvo a\u00f1o y medio como secretario de Desarrollo Social y Humano, donde tampoco conoci\u00f3 la entidad, pese al tipo de cargo, pues el mayor tiempo se lo pas\u00f3 en la oficina y en la capital del pa\u00eds.<\/p>\n\n\n\n<p>Perdi\u00f3 las elecciones con Salom\u00f3n Jara Cruz y se convirti\u00f3 en senador por la primera minor\u00eda a partir de diciembre de 2018, pero por el Partido Verde Ecologista de M\u00e9xico, aliado del PRI pero hoy m\u00e1s cercano a Morena. Su suplente es Javier Villaca\u00f1a Jim\u00e9nez.<\/p>\n\n\n\n<p>En la m\u00e1s reciente campa\u00f1a pol\u00edtica, qued\u00f3 a deber a muchos proveedores y hubo uno que hasta lo exhibi\u00f3, el a\u00f1o pasado, por no pagar promoci\u00f3n en espectaculares.<\/p>\n\n\n\n<p>EL YERRO<\/p>\n\n\n\n<p>Pero esos supuestos conocimientos y antecedentes respetables de nada valieron para cometer un dislate que quiso pasara desapercibido, en absoluta obediencia a ciegas a Ricardo Monreal \u00c1vila, que lo mismo tiene negocio con priistas que con perredistas; que lo mismo traiciona a sus familiares para ganar siempre, y para enriquecerse. Y que no conoce de lealtades sino de frutos pol\u00edticos y econ\u00f3micos.<\/p>\n\n\n\n<p>A principios de abril, sin consultar a su jefe pol\u00edtico priista, hizo de nuevo una genuflexi\u00f3n a una orden de Monreal: incluir un art\u00edculo transitorio, el d\u00e9cimo tercero, en las leyes del Poder Judicial que aprobar\u00eda el Senado de la Rep\u00fablica, y que, de acuerdo con juristas del pa\u00eds, viola flagrantemente la Carta Magna, al prorrogar el mandato del presidente de la Suprema Corte, Arturo Zald\u00edvar, con lo que se interpreta una reelecci\u00f3n t\u00e1cita.<\/p>\n\n\n\n<p>En su exposici\u00f3n del 15 de abril pasado, que le redactaron, Bola\u00f1os Cacho Cu\u00e9 no toc\u00f3 absolutamente nada el tema:<\/p>\n\n\n\n<p>\u201cCelebro la profesionalizaci\u00f3n del personal judicial que plantean estas reformas, as\u00ed como elevar a rango de ley los procedimientos de carrera judicial, adem\u00e1s de eliminar los favoritismos y reconocer la formaci\u00f3n y el perfil id\u00f3neo para ocupar los cargos dentro del Poder Judicial.<\/p>\n\n\n\n<p>\u201cComo puede verse, la instrumentaci\u00f3n de esta reforma es compleja y profunda, requiere de cambios jur\u00eddicos normativos, jurisdiccionales, administrativos e implica, incluso, un cambio cultural al interior del Poder Judicial de la Federaci\u00f3n, por lo que el Consejo de la Judicatura deber\u00e1 de realizar un esfuerzo de producci\u00f3n normativa de gran magnitud y trascendencia\u201d.<\/p>\n\n\n\n<p>As\u00ed, con 85 votos a favor, fue aprobado por el Senado para pasar a la C\u00e1mara de Diputados.<\/p>\n\n\n\n<p>LAS CR\u00cdTICAS<\/p>\n\n\n\n<p>El esc\u00e1ndalo vino despu\u00e9s en la C\u00e1mara alta, en que todos los senadores de oposici\u00f3n pegaron el grito al cielo, mientras Cacho Cu\u00e9 no hizo m\u00e1s que esconderse debajo de su curul para no responder a su dislate.<\/p>\n\n\n\n<p>Los grupos parlamentarios del PAN, PRI y Movimiento Ciudadano calificaron de ilegal esta situaci\u00f3n producto de un albazo, un enga\u00f1o y un agandalle de la mayor\u00eda morenista, ya que nunca circul\u00f3 la propuesta entre los legisladores.<\/p>\n\n\n\n<p>\u00abCon esta reforma aqu\u00ed, violentando la Constituci\u00f3n, es un golpe de Estado, y al mismo tiempo est\u00e1n queriendo dominar al Consejo de la Judicatura, que el Art\u00edculo 100 de la Constituci\u00f3n dice que duran cinco a\u00f1os en su encargo los consejeros, y que no pueden ser reelectos para un periodo posterior, y aqu\u00ed les est\u00e1n dando dos a\u00f1os m\u00e1s, siete a\u00f1os, con ese transitorio que hicieron aqu\u00ed a oscuras, sin decirle a nadie, meti\u00e9ndolo por la puerta de atr\u00e1s, ley\u00e9ndolo pero no public\u00e1ndolo, pero m\u00e1s que nada ilegal\u00bb, dijo el panista Dami\u00e1n Zepeda.<\/p>\n\n\n\n<p>De nada valieron los reclamos. El pasado 23 de abril fue discutido en lo general y lo particular por m\u00e1s de 12 horas y finalmente aprobado por apenas una mayor\u00eda por parte de la C\u00e1mara baja, de nuevo con m\u00faltiples reclamos.<\/p>\n\n\n\n<p>Luego de que fueron dise\u00f1adas y aprobadas ya tambi\u00e9n en el Senado de la Rep\u00fablica, el dictamen de la minuta se aprob\u00f3 en San L\u00e1zaro, en lo general y en lo particular, con 262 votos a favor, 182 en contra y 7 abstenciones.<\/p>\n\n\n\n<p>EL DECLIVE<\/p>\n\n\n\n<p>Ra\u00fal Bola\u00f1os Cacho Cu\u00e9 no tiene futuro pol\u00edtico; y si lo tuviere, ya est\u00e1 marcado por el yerro, por la genuflexi\u00f3n a ciegas, por su nulo conocimiento de las leyes y la aberraci\u00f3n que propuso, pese a lo que digan y defiendan los morenistas.<\/p>\n\n\n\n<p>No tiene ni tendr\u00e1 futuro, aun as\u00ed lo enga\u00f1en &#8211;otra vez&#8211; los morenistas con respaldarlo para que sea candidato a gobernador de Oaxaca. <\/p>\n\n\n\n<p>Lo que no sabe, en su supina ignorancia, es que los morenistas, pero principalmente el Presidente de la Rep\u00fablica, es trabajan intensamente en todos los \u00f3rdenes y todos los frentes para que Oaxaca sea morenista totalmente a partir del 2024. <\/p>\n\n\n\n<p>Es probable que Ra\u00fal Bola\u00f1os Cacho Cu\u00e9 sea candidato, pero incluso los priistas en su contra le tienen una jugada: apoyar\u00e1n a una mujer, y que podr\u00eda ser Mariana Ben\u00edtez, ahora perfilada en el primer lugar de la lista plurinominal de diputados locales. As\u00ed quedar\u00e1 enterrado el sue\u00f1o guajiro de Ra\u00fal y as\u00ed enterrar\u00e1 el prestigio de sus ancestros, todo por ignorancia y ambici\u00f3n.<\/p>\n","protected":false},"excerpt":{"rendered":"<p>Ismael Garc\u00eda M.\/Zona Roja. Oaxaca de Ju\u00e1rez, Oax., 26 de abril de 2021.- Su genuflexi\u00f3n&hellip;<\/p>\n","protected":false},"author":2,"featured_media":7610,"comment_status":"closed","ping_status":"open","sticky":false,"template":"","format":"standard","meta":{"_lmt_disableupdate":"","_lmt_disable":"","_jetpack_memberships_contains_paid_content":false,"footnotes":""},"categories":[456,109,48],"tags":[1353],"class_list":["post-26454","post","type-post","status-publish","format-standard","has-post-thumbnail","hentry","category-columna","category-minuto-a-minuto","category-zona-critica","tag-opinion-zona-critica"],"jetpack_featured_media_url":"https:\/\/zonaroja.com.mx\/wp-content\/uploads\/2020\/01\/Opini\u00f3n-Zona-Cr\u00edtica.jpg","jetpack_sharing_enabled":true,"_links":{"self":[{"href":"https:\/\/zonaroja.com.mx\/index.php?rest_route=\/wp\/v2\/posts\/26454","targetHints":{"allow":["GET"]}}],"collection":[{"href":"https:\/\/zonaroja.com.mx\/index.php?rest_route=\/wp\/v2\/posts"}],"about":[{"href":"https:\/\/zonaroja.com.mx\/index.php?rest_route=\/wp\/v2\/types\/post"}],"author":[{"embeddable":true,"href":"https:\/\/zonaroja.com.mx\/index.php?rest_route=\/wp\/v2\/users\/2"}],"replies":[{"embeddable":true,"href":"https:\/\/zonaroja.com.mx\/index.php?rest_route=%2Fwp%2Fv2%2Fcomments&post=26454"}],"version-history":[{"count":2,"href":"https:\/\/zonaroja.com.mx\/index.php?rest_route=\/wp\/v2\/posts\/26454\/revisions"}],"predecessor-version":[{"id":26461,"href":"https:\/\/zonaroja.com.mx\/index.php?rest_route=\/wp\/v2\/posts\/26454\/revisions\/26461"}],"wp:featuredmedia":[{"embeddable":true,"href":"https:\/\/zonaroja.com.mx\/index.php?rest_route=\/wp\/v2\/media\/7610"}],"wp:attachment":[{"href":"https:\/\/zonaroja.com.mx\/index.php?rest_route=%2Fwp%2Fv2%2Fmedia&parent=26454"}],"wp:term":[{"taxonomy":"category","embeddable":true,"href":"https:\/\/zonaroja.com.mx\/index.php?rest_route=%2Fwp%2Fv2%2Fcategories&post=26454"},{"taxonomy":"post_tag","embeddable":true,"href":"https:\/\/zonaroja.com.mx\/index.php?rest_route=%2Fwp%2Fv2%2Ftags&post=26454"}],"curies":[{"name":"wp","href":"https:\/\/api.w.org\/{rel}","templated":true}]}}