{"id":26458,"date":"2021-04-26T07:32:03","date_gmt":"2021-04-26T12:32:03","guid":{"rendered":"http:\/\/www.zonaroja.com.mx\/?p=26458"},"modified":"2021-04-26T07:32:06","modified_gmt":"2021-04-26T12:32:06","slug":"suman-seis-vuelos-cancelados-en-aeropuerto-de-oaxaca-por-bloqueo-de-normalistas","status":"publish","type":"post","link":"https:\/\/zonaroja.com.mx\/?p=26458","title":{"rendered":"Suman seis vuelos cancelados en aeropuerto de Oaxaca, por bloqueo de normalistas"},"content":{"rendered":"\n<p>Ismael Garc\u00eda M.\/Zona Roja.<\/p>\n\n\n\n<p>Oaxaca de Ju\u00e1rez, Oax., 26 de abril de 2021.- A casi 24 horas del bloqueo por parte de normalistas al acceso al aeropuerto internacional \u201cBenito Ju\u00e1rez\u201d de Oaxaca, al sur de la capital, suman seis vuelos cancelados.<\/p>\n\n\n\n<p>Los responsables de la terminal a\u00e9rea emitieron un aviso a nivel nacional e internacional para dar a conocer que est\u00e1n suspendidos arribos y salidas, por lo menos hasta las 10:00 horas de este lunes.<\/p>\n\n\n\n<p>Presuntos estudiantes de escuelas normales de la entidad, en su mayor\u00eda encapuchados, se apoderaron desde la ma\u00f1ana de ayer domingo de una decena de autobuses del transporte urbano en la ciudad de Oaxaca y con ellos se trasladaron a la terminal, en jurisdicci\u00f3n de Santa Cruz Xoxocotl\u00e1n, que bloquearon desde las 10:00 horas.<\/p>\n\n\n\n<p>Hasta esta ma\u00f1ana, se han suspendido al menos seis vuelos nacionales e internacionales, adem\u00e1s de todas las operaciones, pues no existen las condiciones para ello, inform\u00f3 Juan Pablo Garc\u00eda Luna, administrador de la empresa Asur, responsable de las instalaciones.<\/p>\n\n\n\n<p>En entrevista en el noticiario \u201cLa Z Noticias\u201d, que conducen Pastor Mat\u00edas Arrazola y Mario Jim\u00e9nez Leyva, detall\u00f3 que por el momento no hay da\u00f1os a las instalaciones, pues los manifestantes s\u00f3lo han estado en el acceso.<\/p>\n\n\n\n<p>Seg\u00fan los reportes, los suspendidos son vuelos de Aerom\u00e9xico, Viva Aerobus, Volaris y uno de United Airlines.<\/p>\n\n\n\n<p>La demanda central de los supuestos estudiantes es que no se proceda con la cancelaci\u00f3n de las escuelas normales en el pa\u00eds, lo cual han rechazado las autoridades estatales y federales.<\/p>\n\n\n\n<p>Mientras tanto, anoche se difundi\u00f3 que pobladores de San Agust\u00edn de las Juntas, municipio vecino al \u00e1rea donde bloquean, podr\u00edan acudir a desalojar a los inconformes.<\/p>\n","protected":false},"excerpt":{"rendered":"<p>Ismael Garc\u00eda M.\/Zona Roja. Oaxaca de Ju\u00e1rez, Oax., 26 de abril de 2021.- A casi&hellip;<\/p>\n","protected":false},"author":2,"featured_media":26459,"comment_status":"closed","ping_status":"open","sticky":false,"template":"","format":"standard","meta":{"_lmt_disableupdate":"","_lmt_disable":"","_jetpack_memberships_contains_paid_content":false,"footnotes":""},"categories":[109,47],"tags":[1926],"class_list":["post-26458","post","type-post","status-publish","format-standard","has-post-thumbnail","hentry","category-minuto-a-minuto","category-zona-gris","tag-coordinadora-estudiantil-normalista-del-estado-de-oaxaca-ceneo"],"jetpack_featured_media_url":"https:\/\/zonaroja.com.mx\/wp-content\/uploads\/2021\/04\/Bloqueo-nornalsitas-aeropuerto.jpg","jetpack_sharing_enabled":true,"_links":{"self":[{"href":"https:\/\/zonaroja.com.mx\/index.php?rest_route=\/wp\/v2\/posts\/26458","targetHints":{"allow":["GET"]}}],"collection":[{"href":"https:\/\/zonaroja.com.mx\/index.php?rest_route=\/wp\/v2\/posts"}],"about":[{"href":"https:\/\/zonaroja.com.mx\/index.php?rest_route=\/wp\/v2\/types\/post"}],"author":[{"embeddable":true,"href":"https:\/\/zonaroja.com.mx\/index.php?rest_route=\/wp\/v2\/users\/2"}],"replies":[{"embeddable":true,"href":"https:\/\/zonaroja.com.mx\/index.php?rest_route=%2Fwp%2Fv2%2Fcomments&post=26458"}],"version-history":[{"count":1,"href":"https:\/\/zonaroja.com.mx\/index.php?rest_route=\/wp\/v2\/posts\/26458\/revisions"}],"predecessor-version":[{"id":26460,"href":"https:\/\/zonaroja.com.mx\/index.php?rest_route=\/wp\/v2\/posts\/26458\/revisions\/26460"}],"wp:featuredmedia":[{"embeddable":true,"href":"https:\/\/zonaroja.com.mx\/index.php?rest_route=\/wp\/v2\/media\/26459"}],"wp:attachment":[{"href":"https:\/\/zonaroja.com.mx\/index.php?rest_route=%2Fwp%2Fv2%2Fmedia&parent=26458"}],"wp:term":[{"taxonomy":"category","embeddable":true,"href":"https:\/\/zonaroja.com.mx\/index.php?rest_route=%2Fwp%2Fv2%2Fcategories&post=26458"},{"taxonomy":"post_tag","embeddable":true,"href":"https:\/\/zonaroja.com.mx\/index.php?rest_route=%2Fwp%2Fv2%2Ftags&post=26458"}],"curies":[{"name":"wp","href":"https:\/\/api.w.org\/{rel}","templated":true}]}}