{"id":26469,"date":"2021-04-26T11:51:02","date_gmt":"2021-04-26T16:51:02","guid":{"rendered":"https:\/\/www.zonaroja.com.mx\/?p=26469"},"modified":"2021-04-26T12:01:14","modified_gmt":"2021-04-26T17:01:14","slug":"encuesta-refiere-imagen-positiva-de-amlo-e-intencion-al-voto-por-morena","status":"publish","type":"post","link":"https:\/\/zonaroja.com.mx\/?p=26469","title":{"rendered":"Encuesta refiere imagen positiva de AMLO e intenci\u00f3n al voto por Morena"},"content":{"rendered":"\n<p class=\"MsoNormal\">Evlin Arag\u00f3n\/Zona Roja.&nbsp;<\/p>\n\n\n\n<p class=\"MsoNormal\">Oaxaca de Ju\u00e1rez, Oax., a 26 de abril de 2021.-&nbsp;A poco m\u00e1s de un mes de las elecciones del&nbsp;<a href=\"\/\/0\">6 de junio<\/a>, el Presidente de la Rep\u00fablica, Andr\u00e9s Manuel L\u00f3pez Obrador, conserva una imagen positiva del 56 por ciento, siendo su apertura al di\u00e1logo, inteligencia y capacidad de liderazgo lo m\u00e1s reconocido.&nbsp;<\/p>\n\n\n\n<p class=\"MsoNormal\">\u201cSeis de cada 10 habitantes del territorio mexicano consideran que el presidente est\u00e1 comprometido con los m\u00e1s necesitados, al tiempo que otorgan credibilidad a su palabra\u201d.&nbsp;<\/p>\n\n\n\n<p class=\"MsoNormal\">Lo anterior seg\u00fan la segunda encuesta de opini\u00f3n sobre la situaci\u00f3n pol\u00edtica y social de M\u00e9xico, realizada por el&nbsp;<a href=\"\/\/1\">Centro Estrat\u00e9gico Latinoamericano de Geopol\u00edtica del 25<\/a>&nbsp;de marzo y el 20 de abril, en las 32 entidades federativas del pa\u00eds.&nbsp;<\/p>\n\n\n\n<p class=\"MsoNormal\">De acuerdo con lo expuesto en el documento, 51.6 por ciento de la poblaci\u00f3n considera que M\u00e9xico vive un momento de transformaci\u00f3n profunda, de ah\u00ed que la coalici\u00f3n que incluye a Morena cuenta con el mayor porcentaje de intenci\u00f3n al voto en las elecciones federales.&nbsp;&nbsp;<\/p>\n\n\n\n<p class=\"MsoNormal\">Se trata de un 36.2 por ciento el que ostenta la coalici\u00f3n \u201cJuntos Hacemos Historia\u201d, conformada por Morena, PT y PVEM; seguida del 20.9 por ciento de la coalici\u00f3n \u201cVa por M\u00e9xico\u201d, conformada por el PRI, PAN y PRD; y el 6.2 por ciento con el que cuenta Movimiento Ciudadano en solitario.&nbsp;&nbsp;<\/p>\n\n\n\n<p class=\"MsoNormal\">Y aunque un 31 por ciento de&nbsp;la poblaci\u00f3n entrevistada se declar\u00f3 sin afinidad a ning\u00fan partido, el 30.7 por ciento se siente m\u00e1s cercano a Morena, porcentaje muy por encima del 10.7 y 9.8 que tienen el PRI y el PAN, respectivamente.&nbsp;&nbsp;<\/p>\n\n\n\n<p class=\"MsoNormal\">En materia de salud, el 41.2 por ciento de la poblaci\u00f3n considera de buena a muy buena la campa\u00f1a de vacunaci\u00f3n por Covid-19, y solo un 13 por ciento la considera muy mala.&nbsp;&nbsp;<\/p>\n\n\n\n<p class=\"MsoNormal\">As\u00ed mismo, encontrar empleo o mejorarlo y poder vacunare son las principales aspiraciones sociales o metas a alcanzar en este 2021, por parte de la poblaci\u00f3n e todo el pa\u00eds.&nbsp;&nbsp;<\/p>\n\n\n\n<p class=\"MsoNormal\">Finalmente, en materia pol\u00edtica-ideol\u00f3gica, 70.2 por ciento de la poblaci\u00f3n est\u00e1 a favor de los programas de Bienestar y ayuda social, 50.3 por ciento aprueba la reforma el\u00e9ctrica, 48.7 por ciento considera que el aborto deber\u00eda ser legal, y 62.4 por ciento est\u00e1 a favor del matrimonio entre personas del mismo sexo.  <\/p>\n","protected":false},"excerpt":{"rendered":"<p>Evlin Arag\u00f3n\/Zona Roja.&nbsp; Oaxaca de Ju\u00e1rez, Oax., a 26 de abril de 2021.-&nbsp;A poco m\u00e1s&hellip;<\/p>\n","protected":false},"author":2,"featured_media":11503,"comment_status":"closed","ping_status":"open","sticky":false,"template":"","format":"standard","meta":{"_lmt_disableupdate":"","_lmt_disable":"","_jetpack_memberships_contains_paid_content":false,"footnotes":""},"categories":[109,46],"tags":[143],"class_list":["post-26469","post","type-post","status-publish","format-standard","has-post-thumbnail","hentry","category-minuto-a-minuto","category-zona-blanca","tag-andres-manuel-lopez-obrador"],"jetpack_featured_media_url":"https:\/\/zonaroja.com.mx\/wp-content\/uploads\/2020\/04\/Image-1-59-1.png","jetpack_sharing_enabled":true,"_links":{"self":[{"href":"https:\/\/zonaroja.com.mx\/index.php?rest_route=\/wp\/v2\/posts\/26469","targetHints":{"allow":["GET"]}}],"collection":[{"href":"https:\/\/zonaroja.com.mx\/index.php?rest_route=\/wp\/v2\/posts"}],"about":[{"href":"https:\/\/zonaroja.com.mx\/index.php?rest_route=\/wp\/v2\/types\/post"}],"author":[{"embeddable":true,"href":"https:\/\/zonaroja.com.mx\/index.php?rest_route=\/wp\/v2\/users\/2"}],"replies":[{"embeddable":true,"href":"https:\/\/zonaroja.com.mx\/index.php?rest_route=%2Fwp%2Fv2%2Fcomments&post=26469"}],"version-history":[{"count":1,"href":"https:\/\/zonaroja.com.mx\/index.php?rest_route=\/wp\/v2\/posts\/26469\/revisions"}],"predecessor-version":[{"id":26470,"href":"https:\/\/zonaroja.com.mx\/index.php?rest_route=\/wp\/v2\/posts\/26469\/revisions\/26470"}],"wp:featuredmedia":[{"embeddable":true,"href":"https:\/\/zonaroja.com.mx\/index.php?rest_route=\/wp\/v2\/media\/11503"}],"wp:attachment":[{"href":"https:\/\/zonaroja.com.mx\/index.php?rest_route=%2Fwp%2Fv2%2Fmedia&parent=26469"}],"wp:term":[{"taxonomy":"category","embeddable":true,"href":"https:\/\/zonaroja.com.mx\/index.php?rest_route=%2Fwp%2Fv2%2Fcategories&post=26469"},{"taxonomy":"post_tag","embeddable":true,"href":"https:\/\/zonaroja.com.mx\/index.php?rest_route=%2Fwp%2Fv2%2Ftags&post=26469"}],"curies":[{"name":"wp","href":"https:\/\/api.w.org\/{rel}","templated":true}]}}