{"id":26472,"date":"2021-04-26T13:32:46","date_gmt":"2021-04-26T18:32:46","guid":{"rendered":"https:\/\/www.zonaroja.com.mx\/?p=26472"},"modified":"2021-04-26T13:40:27","modified_gmt":"2021-04-26T18:40:27","slug":"en-sierra-sur-otro-enfrentamiento-con-dos-muertos-ahora-entre-sola-y-coatlan","status":"publish","type":"post","link":"https:\/\/zonaroja.com.mx\/?p=26472","title":{"rendered":"En Sierra Sur otro enfrentamiento con dos muertos, ahora entre Sola y Coatl\u00e1n"},"content":{"rendered":"\n<p>Redacci\u00f3n\/Zona Roja. <\/p>\n\n\n\n<p>Oaxaca de Ju\u00e1rez, Oax., 26 de abril de 2021.- A tres d\u00edas de una masacre con siete muertos y tres heridos, en la regi\u00f3n Sur se registr\u00f3 otro enfrentamiento con saldo de dos personas asesinadas y un n\u00famero indeterminado de heridos. <\/p>\n\n\n\n<p>Los recientes hechos ocurrieron la tarde-noche de ayer domingo, entre pobladores de San Vicente Coatl\u00e1n y la localidad de Rancho Viejo, de la Villa Sola de Vega.<\/p>\n\n\n\n<p>De acuerdo con reportes de corporaciones polic\u00edas, las personas fallecidas son originarias de Rancho Viejo, con quien Coatl\u00e1n mantiene a\u00f1ejo conflicto agrario y de manera continua se acusan mutuamente de agresiones armadas. <\/p>\n\n\n\n<p>A la zona se desplazaron elementos de la Guardia Nacional, polic\u00edas estatales y agentes investigadores para realizar las diligencias del levantamiento de los cuerpos en Rancho Viejo.<\/p>\n\n\n\n<p>Apenas el pasado viernes por la tarde ocurri\u00f3 otro enfrentamiento entre Santa Mar\u00eda Sola de Vega y El Guayabo, Villa Sola de Vega, que dej\u00f3 el saldo de siete muertos y ahora suman nueve en menos de una semana debido a conflictos agrarios.<\/p>\n","protected":false},"excerpt":{"rendered":"<p>Redacci\u00f3n\/Zona Roja. Oaxaca de Ju\u00e1rez, Oax., 26 de abril de 2021.- A tres d\u00edas de&hellip;<\/p>\n","protected":false},"author":2,"featured_media":26471,"comment_status":"closed","ping_status":"open","sticky":false,"template":"","format":"standard","meta":{"_lmt_disableupdate":"","_lmt_disable":"","_jetpack_memberships_contains_paid_content":false,"footnotes":""},"categories":[109,51],"tags":[979],"class_list":["post-26472","post","type-post","status-publish","format-standard","has-post-thumbnail","hentry","category-minuto-a-minuto","category-zona-roja","tag-san-vicente-coatlan"],"jetpack_featured_media_url":"https:\/\/zonaroja.com.mx\/wp-content\/uploads\/2021\/04\/d78c59ac-7520-4851-a178-6133932e4300.jpg","jetpack_sharing_enabled":true,"_links":{"self":[{"href":"https:\/\/zonaroja.com.mx\/index.php?rest_route=\/wp\/v2\/posts\/26472","targetHints":{"allow":["GET"]}}],"collection":[{"href":"https:\/\/zonaroja.com.mx\/index.php?rest_route=\/wp\/v2\/posts"}],"about":[{"href":"https:\/\/zonaroja.com.mx\/index.php?rest_route=\/wp\/v2\/types\/post"}],"author":[{"embeddable":true,"href":"https:\/\/zonaroja.com.mx\/index.php?rest_route=\/wp\/v2\/users\/2"}],"replies":[{"embeddable":true,"href":"https:\/\/zonaroja.com.mx\/index.php?rest_route=%2Fwp%2Fv2%2Fcomments&post=26472"}],"version-history":[{"count":1,"href":"https:\/\/zonaroja.com.mx\/index.php?rest_route=\/wp\/v2\/posts\/26472\/revisions"}],"predecessor-version":[{"id":26473,"href":"https:\/\/zonaroja.com.mx\/index.php?rest_route=\/wp\/v2\/posts\/26472\/revisions\/26473"}],"wp:featuredmedia":[{"embeddable":true,"href":"https:\/\/zonaroja.com.mx\/index.php?rest_route=\/wp\/v2\/media\/26471"}],"wp:attachment":[{"href":"https:\/\/zonaroja.com.mx\/index.php?rest_route=%2Fwp%2Fv2%2Fmedia&parent=26472"}],"wp:term":[{"taxonomy":"category","embeddable":true,"href":"https:\/\/zonaroja.com.mx\/index.php?rest_route=%2Fwp%2Fv2%2Fcategories&post=26472"},{"taxonomy":"post_tag","embeddable":true,"href":"https:\/\/zonaroja.com.mx\/index.php?rest_route=%2Fwp%2Fv2%2Ftags&post=26472"}],"curies":[{"name":"wp","href":"https:\/\/api.w.org\/{rel}","templated":true}]}}