{"id":26475,"date":"2021-04-26T15:12:09","date_gmt":"2021-04-26T20:12:09","guid":{"rendered":"http:\/\/www.zonaroja.com.mx\/?p=26475"},"modified":"2021-04-26T15:12:12","modified_gmt":"2021-04-26T20:12:12","slug":"irrita-a-viajeros-bloqueo-de-normalistas-a-aeropuerto-hay-respuestas-ieepo","status":"publish","type":"post","link":"https:\/\/zonaroja.com.mx\/?p=26475","title":{"rendered":"Irrita a viajeros bloqueo de normalistas a aeropuerto; hay respuestas: IEEPO"},"content":{"rendered":"\n<p>Redacci\u00f3n\/Zona Roja.<\/p>\n\n\n\n<p>Oaxaca de Ju\u00e1rez, Oax. 26 de abril de 2021.-&nbsp; Luego de m\u00e1s de 24 horas, presuntos estudiantes normalistas mantienen su bloqueo al acceso al aeropuerto internacional \u201cBenito Ju\u00e1rez\u201d de Oaxaca, lo que ha generado la inconformidad de los viajeros, muchos de ellos migrantes.<\/p>\n\n\n\n<p>Y es que hasta esta tarde, al menos 20 vuelos nacionales e internacionales se han suspendido, tanto en llegada como salida, debido a que los inconformes se niegan a retirarse de la zona, pese a que el Gobierno del Estado ha dado respuesta a sus demandas, seg\u00fan inform\u00f3.<\/p>\n\n\n\n<p>Asur, la empresa a cargo de la terminal, ampli\u00f3 su aviso de suspensi\u00f3n de actividades hasta la tarde de hoy, en espera de que los supuestos estudiantes, cubiertos con capuchas, se retiren.<\/p>\n\n\n\n<p>HAY RESPUESTAS<\/p>\n\n\n\n<p>Por su parte, el Gobierno del Estado inform\u00f3 que ha actuado de manera respetuosa, responsable y mediante el di\u00e1logo, priorizando la aplicaci\u00f3n de pol\u00edticas p\u00fablicas con sentido social y humano; por lo que en la atenci\u00f3n a las solicitudes de estudiantes normalistas y en el \u00e1mbito educativo no hay ning\u00fan tema pendiente.<\/p>\n\n\n\n<p>\u201cLa administraci\u00f3n actual ha cumplido en tiempo y forma con cada una de las peticiones que estudiantes, a trav\u00e9s de su representaci\u00f3n, han expuesto en las mesas de trabajo que de manera institucional y permanente se han realizado con representantes de la Secretar\u00eda de Educaci\u00f3n P\u00fablica y la dirigencia sindical, a\u00fan durante el periodo de contingencia por Covid-19\u201d, dijo en un comunicado.<\/p>\n\n\n\n<p>A\u00f1adi\u00f3 que la respuesta es p\u00fablica y todos la pueden consultar en la p\u00e1gina web de la autoridad educativa estatal, desde el enlace: https:\/\/www.oaxaca.gob.mx\/ieepo\/respuesta-a-normalistas\/<\/p>\n\n\n\n<p>Respecto a las convocatorias correspondientes al nuevo ingreso a las 11 escuelas normales en la entidad, el Instituto Estatal de Educaci\u00f3n P\u00fablica de Oaxaca (IEEPO) cuenta con un modelo h\u00edbrido de opciones presenciales y en l\u00ednea, para que las y los aspirantes presenten los respectivos ex\u00e1menes de selecci\u00f3n, cuidando&nbsp; la salud y la vida en esta etapa de pandemia.<\/p>\n\n\n\n<p>Por otra parte, se ha contratado al 100% de los egresados de generaciones anteriores (2017-2018 y 2018-2019) y ya inici\u00f3 el proceso de contrataci\u00f3n de la generaci\u00f3n 2019-2020 ya titulada, bajo la normatividad vigente, lo cual representa una inversi\u00f3n anual, por generaci\u00f3n contratada, de 197 millones de pesos. Nadie ha quedado fuera.<\/p>\n\n\n\n<p>Para la contrataci\u00f3n de las y los egresados normalistas, en Oaxaca hay una ruta establecida que garantiza la contrataci\u00f3n del 100% de la totalidad de los docentes reci\u00e9n graduados, mediante un proceso normativo transparente, equitativo e imparcial.<\/p>\n\n\n\n<p>INGRESO A CARRERA<\/p>\n\n\n\n<p>El proceso para la admisi\u00f3n al servicio en Educaci\u00f3n B\u00e1sica est\u00e1 regulado por la Ley General del Sistema para la Carrera de las Maestras y los Maestros (LGSCMM) y se realiza a trav\u00e9s de una convocatoria p\u00fablica, a la que concurren aspirantes en igualdad de condiciones, este proceso es transparente, equitativo e imparcial.<\/p>\n\n\n\n<p>Adicionalmente, se contemplan elementos multifactoriales que son aspectos cuantitativos y cualitativos que valoran los conocimientos, aptitudes y experiencia de los aspirantes a ejercer la funci\u00f3n docente y\/o t\u00e9cnico docente.<\/p>\n\n\n\n<p>Para efectos de su valoraci\u00f3n se clasifican en: requisitos, factores, y componentes del Sistema de apreciaci\u00f3n de conocimientos y aptitudes, considerando el contexto local y regional de la prestaci\u00f3n de los servicios educativos.<\/p>\n\n\n\n<p>El Instituto Estatal de Educaci\u00f3n P\u00fablica de Oaxaca (IEEPO), reitera que la \u00fanica forma de ingresar al Servicio Profesional Docente es mediante mecanismos normativos establecidos por el Gobierno Federal, por lo que cualquier otra forma es inexistente.<\/p>\n\n\n\n<p>\u201cPor otra parte, se deja en claro que nunca se ha mencionado por ninguna autoridad educativa, que se pretendan desaparecer las escuelas normales. En oficio de la Direcci\u00f3n General de Educaci\u00f3n Superior para el Magisterio (DGESuM)&nbsp; de la Secretar\u00eda de Educaci\u00f3n P\u00fablica, con fecha 13 de abril del 2021, se confirma que estos planteles continuar\u00e1n en servicio bajo un plan encaminado a reivindicar, reconocer, dignificar y fortalecer la formaci\u00f3n de futuras maestras y maestros\u201d, remarc\u00f3.<\/p>\n\n\n\n<p>Indic\u00f3 que en mesas de trabajo realizadas con anterioridad y que se mantienen hasta ahora, se ha logrado una s\u00f3lida coordinaci\u00f3n institucional y la toma de acuerdos conjuntos, por lo que el IEEPO exhorta a la comunidad normalista a continuar el di\u00e1logo y por los canales institucionales seguir la b\u00fasqueda de soluciones a sus planteamientos y sean encaminadas para su atenci\u00f3n bajo los procesos correspondientes.<\/p>\n","protected":false},"excerpt":{"rendered":"<p>Redacci\u00f3n\/Zona Roja. Oaxaca de Ju\u00e1rez, Oax. 26 de abril de 2021.-&nbsp; Luego de m\u00e1s de&hellip;<\/p>\n","protected":false},"author":2,"featured_media":26476,"comment_status":"closed","ping_status":"open","sticky":false,"template":"","format":"standard","meta":{"_lmt_disableupdate":"","_lmt_disable":"","_jetpack_memberships_contains_paid_content":false,"footnotes":""},"categories":[109,46],"tags":[599],"class_list":["post-26475","post","type-post","status-publish","format-standard","has-post-thumbnail","hentry","category-minuto-a-minuto","category-zona-blanca","tag-instituto-estatal-de-educacion-publica-de-oaxaca"],"jetpack_featured_media_url":"https:\/\/zonaroja.com.mx\/wp-content\/uploads\/2021\/04\/Bloqueo-normalistas-aeropuerto.jpg","jetpack_sharing_enabled":true,"_links":{"self":[{"href":"https:\/\/zonaroja.com.mx\/index.php?rest_route=\/wp\/v2\/posts\/26475","targetHints":{"allow":["GET"]}}],"collection":[{"href":"https:\/\/zonaroja.com.mx\/index.php?rest_route=\/wp\/v2\/posts"}],"about":[{"href":"https:\/\/zonaroja.com.mx\/index.php?rest_route=\/wp\/v2\/types\/post"}],"author":[{"embeddable":true,"href":"https:\/\/zonaroja.com.mx\/index.php?rest_route=\/wp\/v2\/users\/2"}],"replies":[{"embeddable":true,"href":"https:\/\/zonaroja.com.mx\/index.php?rest_route=%2Fwp%2Fv2%2Fcomments&post=26475"}],"version-history":[{"count":1,"href":"https:\/\/zonaroja.com.mx\/index.php?rest_route=\/wp\/v2\/posts\/26475\/revisions"}],"predecessor-version":[{"id":26477,"href":"https:\/\/zonaroja.com.mx\/index.php?rest_route=\/wp\/v2\/posts\/26475\/revisions\/26477"}],"wp:featuredmedia":[{"embeddable":true,"href":"https:\/\/zonaroja.com.mx\/index.php?rest_route=\/wp\/v2\/media\/26476"}],"wp:attachment":[{"href":"https:\/\/zonaroja.com.mx\/index.php?rest_route=%2Fwp%2Fv2%2Fmedia&parent=26475"}],"wp:term":[{"taxonomy":"category","embeddable":true,"href":"https:\/\/zonaroja.com.mx\/index.php?rest_route=%2Fwp%2Fv2%2Fcategories&post=26475"},{"taxonomy":"post_tag","embeddable":true,"href":"https:\/\/zonaroja.com.mx\/index.php?rest_route=%2Fwp%2Fv2%2Ftags&post=26475"}],"curies":[{"name":"wp","href":"https:\/\/api.w.org\/{rel}","templated":true}]}}