{"id":26481,"date":"2021-04-26T16:44:54","date_gmt":"2021-04-26T21:44:54","guid":{"rendered":"http:\/\/www.zonaroja.com.mx\/?p=26481"},"modified":"2021-04-26T18:32:35","modified_gmt":"2021-04-26T23:32:35","slug":"plantea-diputada-paridad-sustantiva-en-cargos-en-el-poder-judicial-de-oaxaca","status":"publish","type":"post","link":"https:\/\/zonaroja.com.mx\/?p=26481","title":{"rendered":"Plantea diputada paridad sustantiva en cargos en el Poder Judicial de Oaxaca"},"content":{"rendered":"\n<p>Ismael Garc\u00eda M.\/Zona Roja.<\/p>\n\n\n\n<p>Oaxaca de Ju\u00e1rez, Oax., 26 de abril de 2021.- La diputada local Magaly L\u00f3pez Dom\u00ednguez present\u00f3 una iniciativa en la 64 Legislatura, para reformar y adicionar un p\u00e1rrafo al art\u00edculo 102 de la Constituci\u00f3n Pol\u00edtica de Oaxaca, a fin de alcanzar la paridad sustantiva en el Poder Judicial.<\/p>\n\n\n\n<p>De acuerdo con la exposici\u00f3n de la legisladora por el Partido Morena, pese a los avances legales en la materia, en el  Tribunal Superior de Justicia, en las Salas Penales, hay 13 magistrados y tan s\u00f3lo tres magistradas; en las Salas Civiles hay tres magistrados y s\u00f3lo dos magistradas.<\/p>\n\n\n\n<p>Los datos se\u00f1alados con anterioridad s\u00f3lo comprenden a los y las magistradas que integran Salas, por lo que a estos hay que agregar al magistrado presidente y al magistrado Consejero de la Judicatura, por lo que en total hay 18 hombres con nombramientos de magistrados, frente a una cifra triste y desalentadora de cinco mujeres.<\/p>\n\n\n\n<p>\u201cCon nombramiento de magistradas, estos datos de cara a los ya casi dos a\u00f1os de que se aprobara la \u2018Paridad en Todo\u2019, nos tiene que poner a reflexionar respecto a la necesidad de implementar mecanismos y medidas para cerrar de manera m\u00e1s acelerada la brecha de desigualdad en la conformaci\u00f3n del Tribunal Superior de Justicia, pues al paso que vamos nos llevar\u00e1 m\u00e1s de 30 a\u00f1os alcanzar la paridad en dicho Tribunal\u201d, dijo.<\/p>\n\n\n\n<p>Por ello, L\u00f3pez Dom\u00ednguez propuso en su iniciativa plasmar en la Constituci\u00f3n local que las convocatorias que se emitan para el nombramiento de las magistraturas del Tribunal Superior de Justicia, tengan como objetivo primordial alcanzar el principio de paridad sustantiva.<\/p>\n\n\n\n<p>El Consejo de la Judicatura certificar\u00e1 el cumplimiento de los requisitos de ley y aplicar\u00e1 los ex\u00e1menes de oposici\u00f3n. Una vez concluidos \u00e9stos, remitir\u00e1 a la persona titular de la Gubernatura del Estado una lista que contenga ocho candidaturas, de los cuales la persona titular de la Gubernatura enviar\u00e1 una terna al Congreso del Estado para que elija a quien debe ser magistrado o magistrada.<\/p>\n\n\n\n<p>Todos los magistrados y magistradas, con excepci\u00f3n de la o el magistrado presidente y del o la magistrada consejera de la Judicatura, deber\u00e1n integrar sala y durar\u00e1n en el ejercicio de su cargo ocho a\u00f1os; podr\u00e1n ser reelectos por un periodo igual, y si lo fueren, s\u00f3lo podr\u00e1n ser privados de sus puestos en los t\u00e9rminos del art\u00edculo 117 de esta Constituci\u00f3n y la Ley de Responsabilidades de los Servidores P\u00fablicos del Estado y Municipios de Oaxaca; podr\u00e1n jubilarse en los t\u00e9rminos que se\u00f1ale la ley respectiva.<\/p>\n\n\n\n<p>La legisladora record\u00f3 que la 64 Legislatura aprob\u00f3 en el mes de junio de 2019, a trav\u00e9s de una sesi\u00f3n extraordinaria, la minuta de reforma constitucional enviada por la C\u00e1mara de Diputados federal que reforma la Constituci\u00f3n Pol\u00edtica en materia de paridad de g\u00e9nero, para que este principio se aplique a los entes p\u00fablicas federales, estatales y municipales, organismos aut\u00f3nomos, incluso se han llevado a cabo algunos ejercicios para lograr que las vacantes de las magistraturas del Tribunal Superior de Justicia y del Tribunal de Justicia Administrativa sean ocupadas por mujeres.<\/p>\n\n\n\n<p>La iniciativa fue turnada a las comisiones respectivas para su an\u00e1lisis y elaboraci\u00f3n del dictamen correspondiente.<\/p>\n","protected":false},"excerpt":{"rendered":"<p>Ismael Garc\u00eda M.\/Zona Roja. Oaxaca de Ju\u00e1rez, Oax., 26 de abril de 2021.- La diputada&hellip;<\/p>\n","protected":false},"author":2,"featured_media":23082,"comment_status":"closed","ping_status":"open","sticky":false,"template":"","format":"standard","meta":{"_lmt_disableupdate":"","_lmt_disable":"","_jetpack_memberships_contains_paid_content":false,"footnotes":""},"categories":[109,46],"tags":[192],"class_list":["post-26481","post","type-post","status-publish","format-standard","has-post-thumbnail","hentry","category-minuto-a-minuto","category-zona-blanca","tag-diputada-magaly-lopez-dominguez"],"jetpack_featured_media_url":"https:\/\/zonaroja.com.mx\/wp-content\/uploads\/2021\/02\/Magaly-Lopez-D.jpg","jetpack_sharing_enabled":true,"_links":{"self":[{"href":"https:\/\/zonaroja.com.mx\/index.php?rest_route=\/wp\/v2\/posts\/26481","targetHints":{"allow":["GET"]}}],"collection":[{"href":"https:\/\/zonaroja.com.mx\/index.php?rest_route=\/wp\/v2\/posts"}],"about":[{"href":"https:\/\/zonaroja.com.mx\/index.php?rest_route=\/wp\/v2\/types\/post"}],"author":[{"embeddable":true,"href":"https:\/\/zonaroja.com.mx\/index.php?rest_route=\/wp\/v2\/users\/2"}],"replies":[{"embeddable":true,"href":"https:\/\/zonaroja.com.mx\/index.php?rest_route=%2Fwp%2Fv2%2Fcomments&post=26481"}],"version-history":[{"count":2,"href":"https:\/\/zonaroja.com.mx\/index.php?rest_route=\/wp\/v2\/posts\/26481\/revisions"}],"predecessor-version":[{"id":26483,"href":"https:\/\/zonaroja.com.mx\/index.php?rest_route=\/wp\/v2\/posts\/26481\/revisions\/26483"}],"wp:featuredmedia":[{"embeddable":true,"href":"https:\/\/zonaroja.com.mx\/index.php?rest_route=\/wp\/v2\/media\/23082"}],"wp:attachment":[{"href":"https:\/\/zonaroja.com.mx\/index.php?rest_route=%2Fwp%2Fv2%2Fmedia&parent=26481"}],"wp:term":[{"taxonomy":"category","embeddable":true,"href":"https:\/\/zonaroja.com.mx\/index.php?rest_route=%2Fwp%2Fv2%2Fcategories&post=26481"},{"taxonomy":"post_tag","embeddable":true,"href":"https:\/\/zonaroja.com.mx\/index.php?rest_route=%2Fwp%2Fv2%2Ftags&post=26481"}],"curies":[{"name":"wp","href":"https:\/\/api.w.org\/{rel}","templated":true}]}}