{"id":26484,"date":"2021-04-26T19:39:05","date_gmt":"2021-04-27T00:39:05","guid":{"rendered":"http:\/\/www.zonaroja.com.mx\/?p=26484"},"modified":"2021-04-26T19:39:09","modified_gmt":"2021-04-27T00:39:09","slug":"aumenta-a-tres-los-muertos-por-nuevo-enfrentamiento-en-la-sierra-sur-de-oaxaca","status":"publish","type":"post","link":"https:\/\/zonaroja.com.mx\/?p=26484","title":{"rendered":"Aumenta a tres los muertos por nuevo enfrentamiento en la Sierra Sur de Oaxaca"},"content":{"rendered":"\n<p>Ismael Garc\u00eda M.\/Zona Roja.<\/p>\n\n\n\n<p>Oaxaca de Ju\u00e1rez, Oax., 26 de abril de 2021.- La Fiscal\u00eda General del Estado de Oaxaca confirm\u00f3 que suman tres las personas fallecidas por un nuevo enfrentamiento armado en la regi\u00f3n de la Sierra Sur, ahora entre San Vicente Coatl\u00e1n y San Agust\u00edn Rancho Viejo, Sola de Vega.<\/p>\n\n\n\n<p>De acuerdo con los reportes de la dependencia, de manera preliminar dos de las v\u00edctimas fueron identificadas como Modesto N., de 22 a\u00f1os de edad, y Maximino N., de 47 a\u00f1os, todos de Rancho Viejo.<\/p>\n\n\n\n<p>Indic\u00f3 que los hechos sucedieron la madrugada de este lunes 26 de abril y por lo cual inici\u00f3 la Carpeta de Investigaci\u00f3n 13677\/FNSC\/SOLA\/2021, por el delito de homicidio y lesiones dolosas.<\/p>\n\n\n\n<p>Villa Sola de Vega y San Vicente Coatl\u00e1n mantienen un anejo conflicto agrario, que incluso deriv\u00f3 a\u00f1os atr\u00e1s en la cancelaci\u00f3n del megaproyecto hidr\u00e1ulico de la presa \u201cPaso Ancho\u201d, en la vertiente del r\u00edo \u201cAtoyac\u201d.<\/p>\n","protected":false},"excerpt":{"rendered":"<p>Ismael Garc\u00eda M.\/Zona Roja. Oaxaca de Ju\u00e1rez, Oax., 26 de abril de 2021.- La Fiscal\u00eda&hellip;<\/p>\n","protected":false},"author":2,"featured_media":26485,"comment_status":"closed","ping_status":"open","sticky":false,"template":"","format":"standard","meta":{"_lmt_disableupdate":"","_lmt_disable":"","_jetpack_memberships_contains_paid_content":false,"footnotes":""},"categories":[109,51],"tags":[2632],"class_list":["post-26484","post","type-post","status-publish","format-standard","has-post-thumbnail","hentry","category-minuto-a-minuto","category-zona-roja","tag-san-agustin-rancho-viejo"],"jetpack_featured_media_url":"https:\/\/zonaroja.com.mx\/wp-content\/uploads\/2021\/04\/Sola-de-Vega-conflicto-Coatlan.jpg","jetpack_sharing_enabled":true,"_links":{"self":[{"href":"https:\/\/zonaroja.com.mx\/index.php?rest_route=\/wp\/v2\/posts\/26484","targetHints":{"allow":["GET"]}}],"collection":[{"href":"https:\/\/zonaroja.com.mx\/index.php?rest_route=\/wp\/v2\/posts"}],"about":[{"href":"https:\/\/zonaroja.com.mx\/index.php?rest_route=\/wp\/v2\/types\/post"}],"author":[{"embeddable":true,"href":"https:\/\/zonaroja.com.mx\/index.php?rest_route=\/wp\/v2\/users\/2"}],"replies":[{"embeddable":true,"href":"https:\/\/zonaroja.com.mx\/index.php?rest_route=%2Fwp%2Fv2%2Fcomments&post=26484"}],"version-history":[{"count":1,"href":"https:\/\/zonaroja.com.mx\/index.php?rest_route=\/wp\/v2\/posts\/26484\/revisions"}],"predecessor-version":[{"id":26486,"href":"https:\/\/zonaroja.com.mx\/index.php?rest_route=\/wp\/v2\/posts\/26484\/revisions\/26486"}],"wp:featuredmedia":[{"embeddable":true,"href":"https:\/\/zonaroja.com.mx\/index.php?rest_route=\/wp\/v2\/media\/26485"}],"wp:attachment":[{"href":"https:\/\/zonaroja.com.mx\/index.php?rest_route=%2Fwp%2Fv2%2Fmedia&parent=26484"}],"wp:term":[{"taxonomy":"category","embeddable":true,"href":"https:\/\/zonaroja.com.mx\/index.php?rest_route=%2Fwp%2Fv2%2Fcategories&post=26484"},{"taxonomy":"post_tag","embeddable":true,"href":"https:\/\/zonaroja.com.mx\/index.php?rest_route=%2Fwp%2Fv2%2Ftags&post=26484"}],"curies":[{"name":"wp","href":"https:\/\/api.w.org\/{rel}","templated":true}]}}