{"id":26490,"date":"2021-04-26T21:50:02","date_gmt":"2021-04-27T02:50:02","guid":{"rendered":"http:\/\/www.zonaroja.com.mx\/?p=26490"},"modified":"2021-04-26T21:50:15","modified_gmt":"2021-04-27T02:50:15","slug":"y-la-segego-enesimo-dia-de-bloqueos-protestas-y-marchas-en-oaxaca","status":"publish","type":"post","link":"https:\/\/zonaroja.com.mx\/?p=26490","title":{"rendered":"\u00bfY la Segego? En\u00e9simo d\u00eda de bloqueos, protestas y marchas en Oaxaca"},"content":{"rendered":"\n<p>Yuridiana Sosa\/Zona Roja.<\/p>\n\n\n\n<p>Oaxaca de Ju\u00e1rez, Oax., 26 de abril de 2021.- Como si fuera tradici\u00f3n, este lunes la semana comenz\u00f3 nuevamente con manifestaciones en Oaxaca; marchas, bloqueos de calles y carreteros en las regiones de Valles Centrales, Istmo y Costa.<\/p>\n\n\n\n<p>El caos comenz\u00f3 en la zona conurbada de la capital, con el bloqueo del acceso principal al Aaeropuerto Internacional \u201cBenito Ju\u00e1rez\u201d de Oaxaca, en Santa Cruz Xoxocotl\u00e1n, manifestaci\u00f3n de estudiantes normalistas que cumpli\u00f3 dos d\u00edas.<\/p>\n\n\n\n<p>A pesar de las afectaciones graves al sector econ\u00f3mico y tur\u00edstico por la cancelaci\u00f3n de al menos 25 vuelos, el gobierno de Oaxaca s\u00f3lo emiti\u00f3 un comunicado para anunciar que las demandas hab\u00edan sido atendidas, sin solucionar el problema que afect\u00f3 a miles de ciudadanos.<\/p>\n\n\n\n<p>Esta noche, los futuros docentes de nuevo se apoderaron de camiones del transporte urbano, en el bulevar Guadalupe Hinojosa de Xoxocotl\u00e1n, para reforzar su bloqueo.<\/p>\n\n\n\n<p>Las protestas continuaron en la capital para exigir cumplimiento de la Secretar\u00eda General de Gobierno (Segego) que encabeza Francisco Garc\u00eda a compromisos realizados.<\/p>\n\n\n\n<p>En ese sentido, el Sindicato de Trabajadores de los Telebachilleratos Comunitarios del Estado de Oaxaca (STTCEO) sali\u00f3 nuevamente a las calles para recordarle y exigir a la Segego el nombramiento de un director para la instituci\u00f3n.<\/p>\n\n\n\n<p>Como parte de su movilizaci\u00f3n, marcharon y bloquearon la carretera federal 190, en inmediaciones del Hospital Zona 1 del Instituto Mexicano del Seguro Social, en la calzada Ni\u00f1os H\u00e9roes.<\/p>\n\n\n\n<p>De forma simult\u00e1nea, pero con particulares peticiones, la organizaci\u00f3n Sol Rojo tambi\u00e9n se apoder\u00f3 de las vialidades que conforman el crucero de calzada Ni\u00f1os H\u00e9roes, avenida Ju\u00e1rez y Calzada Porfirio D\u00edaz, donde adem\u00e1s del da\u00f1o a la ciudadan\u00eda con el bloqueo tambi\u00e9n trataron de agredir f\u00edsicamente a las personas que manifestaron su hartazgo por este tipo de protesta.<\/p>\n\n\n\n<p>La Casa Oficial del gobernador, en la avenida Ju\u00e1rez en el Centro Hist\u00f3rico de Oaxaca, otra vez fue sede de una protesta, ahora por parte de habitantes del municipio de Magdalena Ocotl\u00e1n para exigir atenci\u00f3n a una obra de pavimentaci\u00f3n de 43 kil\u00f3metros.<\/p>\n\n\n\n<p>Minutos despu\u00e9s la protesta se traslad\u00f3 a la sede de la delegaci\u00f3n de la Secretar\u00eda de Bienestar en Santa Luc\u00eda del Camino, donde con una patrulla de la polic\u00eda municipal de dicho ayuntamiento bloquearon el camino a Pante\u00f3n Jard\u00edn.<\/p>\n\n\n\n<p>EN LAS REGIONES<\/p>\n\n\n\n<p>Esta semana se intensifican las protestas en las regiones y los habitantes de las comunidades del Istmo y la Costa exigen soluci\u00f3n a sus demandas.<\/p>\n\n\n\n<p>Pobladores del barrio Santa Cruz Tagolaba de Santo Domingo Tehuantepec, nuevamente bloquearon todo el d\u00eda carreteras importantes como lo realizaron el pasado 23 de abril. Exigen atenci\u00f3n del gobierno estatal y federal por el intento de despojo de sus tierras.<\/p>\n\n\n\n<p>En esta ocasi\u00f3n cerraron el paso en las v\u00edas de Tehuantepec &#8211; Oaxaca, a la altura del paraje Las Tejas, que dej\u00f3 sin paso a la ciudad de Oaxaca; tambi\u00e9n hubo afectaciones en la autopista 185D, del tramo La Ventosa &#8211; Salina Cruz, entre el punto conocido como \u201cEl Caracol\u201d y la poblaci\u00f3n de Mixtequilla.<\/p>\n\n\n\n<p>Mientras que en Salina Cruz, trabajadores bloquearon el acceso principal a la refiner\u00eda \u201cIng. Antonio Doval\u00ed Jaime\u201d, para exigir al Ricardo Mart\u00ednez Morales, gerente de la terminal y al presidente de la mesa directiva, d\u00e9 soluci\u00f3n a su huelga.<\/p>\n\n\n\n<p>En la Costa, contin\u00faa el bloqueo de pobladores de Santa Mar\u00eda Colotepec en Puerto Escondido, por problemas de l\u00edmites de tierra con San Pedro Mixtepec.<\/p>\n\n\n\n<p>Los habitantes de Colotepec se instalaron en la carretera costera y la entrada de la avenida Oaxaca en el crucero principal de Puerto Escondido, lo que causa afectaciones a los automovilistas y turistas.<\/p>\n\n\n\n<p>Por la tarde, la Segego dio a conocer que atendi\u00f3 en mesa de di\u00e1logo a los pobladores de Magdalena Ocotl\u00e1n, de la organizaci\u00f3n Sol Rojo y a los integrantes del Sindicato de Telebachilleres.<\/p>\n\n\n\n<p>Por la noche se retiraron los bloqueos en la regi\u00f3n del Istmo de Tehuantepec.<\/p>\n","protected":false},"excerpt":{"rendered":"<p>Yuridiana Sosa\/Zona Roja. Oaxaca de Ju\u00e1rez, Oax., 26 de abril de 2021.- Como si fuera&hellip;<\/p>\n","protected":false},"author":2,"featured_media":26491,"comment_status":"closed","ping_status":"open","sticky":false,"template":"","format":"standard","meta":{"_lmt_disableupdate":"","_lmt_disable":"","_jetpack_memberships_contains_paid_content":false,"footnotes":""},"categories":[109,47],"tags":[2264],"class_list":["post-26490","post","type-post","status-publish","format-standard","has-post-thumbnail","hentry","category-minuto-a-minuto","category-zona-gris","tag-bloqueos-y-protestas-oaxaca"],"jetpack_featured_media_url":"https:\/\/zonaroja.com.mx\/wp-content\/uploads\/2021\/04\/Bloqueos-Oaxaca.jpg","jetpack_sharing_enabled":true,"_links":{"self":[{"href":"https:\/\/zonaroja.com.mx\/index.php?rest_route=\/wp\/v2\/posts\/26490","targetHints":{"allow":["GET"]}}],"collection":[{"href":"https:\/\/zonaroja.com.mx\/index.php?rest_route=\/wp\/v2\/posts"}],"about":[{"href":"https:\/\/zonaroja.com.mx\/index.php?rest_route=\/wp\/v2\/types\/post"}],"author":[{"embeddable":true,"href":"https:\/\/zonaroja.com.mx\/index.php?rest_route=\/wp\/v2\/users\/2"}],"replies":[{"embeddable":true,"href":"https:\/\/zonaroja.com.mx\/index.php?rest_route=%2Fwp%2Fv2%2Fcomments&post=26490"}],"version-history":[{"count":1,"href":"https:\/\/zonaroja.com.mx\/index.php?rest_route=\/wp\/v2\/posts\/26490\/revisions"}],"predecessor-version":[{"id":26492,"href":"https:\/\/zonaroja.com.mx\/index.php?rest_route=\/wp\/v2\/posts\/26490\/revisions\/26492"}],"wp:featuredmedia":[{"embeddable":true,"href":"https:\/\/zonaroja.com.mx\/index.php?rest_route=\/wp\/v2\/media\/26491"}],"wp:attachment":[{"href":"https:\/\/zonaroja.com.mx\/index.php?rest_route=%2Fwp%2Fv2%2Fmedia&parent=26490"}],"wp:term":[{"taxonomy":"category","embeddable":true,"href":"https:\/\/zonaroja.com.mx\/index.php?rest_route=%2Fwp%2Fv2%2Fcategories&post=26490"},{"taxonomy":"post_tag","embeddable":true,"href":"https:\/\/zonaroja.com.mx\/index.php?rest_route=%2Fwp%2Fv2%2Ftags&post=26490"}],"curies":[{"name":"wp","href":"https:\/\/api.w.org\/{rel}","templated":true}]}}