{"id":26493,"date":"2021-04-27T07:01:10","date_gmt":"2021-04-27T12:01:10","guid":{"rendered":"http:\/\/www.zonaroja.com.mx\/?p=26493"},"modified":"2021-04-27T06:57:11","modified_gmt":"2021-04-27T11:57:11","slug":"regresa-oaxaca-al-semaforo-amarillo-de-covid-con-3-decesos-y-8-contagiados","status":"publish","type":"post","link":"https:\/\/zonaroja.com.mx\/?p=26493","title":{"rendered":"Regresa Oaxaca al sem\u00e1foro amarillo de Covid con 3 decesos y 8 contagiados"},"content":{"rendered":"\n<p>Redacci\u00f3n\/Zona Roja.<\/p>\n\n\n\n<p>Oaxaca de Ju\u00e1rez, Oax. 27 de abril de 2021.- Los Servicios de Salud de Oaxaca (SSO) informan que este 26 de abril, la entidad transit\u00f3 al color amarillo en el sem\u00e1foro epidemiol\u00f3gico federal, con 45 mil 646 casos acumulados de COVID-19.<\/p>\n\n\n\n<p>Este lunes fueron tres decesos y ocho casos positivos; en el fin de semana sumaron 66 contagiados y 17 nuevas defunciones; en este \u00faltimo caso, para un total de tres mil 444 decesos.<\/p>\n\n\n\n<p>En un comunicado, la dependencia expuso que a la fecha en el territorio oaxaque\u00f1o se contabilizan 235 casos activos, es decir, las personas que pueden transmitir el padecimiento viral; del total, 152 corresponden a Valles Centrales, 33 al Istmo, 22 a la Costa, 19 a la Mixteca, seis a la Sierra y tres a Tuxtepec.<\/p>\n\n\n\n<p>Agreg\u00f3 que los casos nuevos contabilizados del 24 al 26 de abril, fueron identificados en 29 municipios, los m\u00e1s afectados son: Oaxaca de Ju\u00e1rez con 25 contagios, Heroica Ciudad de Juchit\u00e1n de Zaragoza con seis, as\u00ed como San Sebasti\u00e1n Tutla y Santa Cruz Xoxocotl\u00e1n con tres, cada uno, el esto dos y un caso.<\/p>\n\n\n\n<figure class=\"wp-block-embed-twitter wp-block-embed is-type-rich is-provider-twitter\"><div class=\"wp-block-embed__wrapper\">\n<div class=\"twitter-tweet\"><blockquote class=\"twitter-tweet\" data-lang=\"es\"><p lang=\"es\" dir=\"ltr\"><a href=\"https:\/\/twitter.com\/hashtag\/%C3%9AltimoMinuto?src=hash&amp;ref_src=twsrc%5Etfw\">#\u00daltimoMinuto<\/a><br>En el caso de <a href=\"https:\/\/twitter.com\/hashtag\/Oaxaca?src=hash&amp;ref_src=twsrc%5Etfw\">#Oaxaca<\/a>, los Servicios de Salud reportaron este lunes tres defunciones, para un total de tres mil 444 decesos.<br>Adem\u00e1s, ocho casos positivos -66 en los \u00faltimos tres d\u00edas-, con lo que la cifra acumulada aumenta a 45 mil 646.<a href=\"https:\/\/twitter.com\/hashtag\/Qu%C3%A9dateEnCasa?src=hash&amp;ref_src=twsrc%5Etfw\">#Qu\u00e9dateEnCasa<\/a> <a href=\"https:\/\/t.co\/YiGzidR1qY\">pic.twitter.com\/YiGzidR1qY<\/a><\/p>&mdash; Zona Roja Oaxaca (@Zona_Roja_Oax) <a href=\"https:\/\/twitter.com\/Zona_Roja_Oax\/status\/1386850113142902787?ref_src=twsrc%5Etfw\">27 de abril de 2021<\/a><\/blockquote><\/div>\n<\/div><\/figure>\n\n\n\n<p>Adem\u00e1s, se han recuperado 41 mil 967 personas, 23 mil 752 casos se han descartado, y hay cuatro mil 523 contagios sospechosos.<\/p>\n\n\n\n<p>Respecto al acumulado de casos confirmados, se\u00f1al\u00f3 que Valles Centrales contabiliza 31 mil 183 pacientes y mil 819 defunciones, Istmo tres mil 782 y 555 decesos, Tuxtepec dos mil 884 y 345 muertes, Costa dos mil 286 y 239 fallecimientos, Mixteca tres mil 911 y 336 muertes, Sierra mil 600 y 150 decesos.<\/p>\n\n\n\n<p>Actualmente se tienen 120 pacientes hospitalizados, 13 son de nuevo ingreso, por lo que se tiene 477 camas disponibles para la atenci\u00f3n de la pandemia, se reportan cuatro nosocomios al 100% de su capacidad, para un total de 20.1% de saturaci\u00f3n hospitalaria en general.<\/p>\n\n\n\n<p>Sobre los Eventos Supuestamente Atribuibles a la Vacunaci\u00f3n o Inmunizaci\u00f3n (ESAVI), al corte del 24 de abril, detall\u00f3 que respecto a la vacuna Pfizer-BioNTech se presentaron 571 notificaciones, siete de ellos graves; de la farmac\u00e9utica AztraZeneca nueve casos sin gravedad; del biol\u00f3gico Sinovac se notificaron 19 casos, dos de ellos graves; y de la vacuna CanSino se contabilizaron 10 casos, de los cuales dos fueron graves.<\/p>\n\n\n\n<p>Destac\u00f3 que se debe seguir siendo responsables y mantener las medidas preventivas para no retroceder en el sem\u00e1foro epidemiol\u00f3gico, \u201cpor lo que es necesario continuar con el uso del cubrebocas, evitar salidas innecesarias o acudir a lugares concurridos\u201d.<\/p>\n","protected":false},"excerpt":{"rendered":"<p>Redacci\u00f3n\/Zona Roja. Oaxaca de Ju\u00e1rez, Oax. 27 de abril de 2021.- Los Servicios de Salud&hellip;<\/p>\n","protected":false},"author":2,"featured_media":26494,"comment_status":"closed","ping_status":"open","sticky":false,"template":"","format":"standard","meta":{"_lmt_disableupdate":"","_lmt_disable":"","_jetpack_memberships_contains_paid_content":false,"footnotes":""},"categories":[109,47],"tags":[1512],"class_list":["post-26493","post","type-post","status-publish","format-standard","has-post-thumbnail","hentry","category-minuto-a-minuto","category-zona-gris","tag-coronavirus-oaxaca"],"jetpack_featured_media_url":"https:\/\/zonaroja.com.mx\/wp-content\/uploads\/2021\/04\/SSO-1-5.jpeg","jetpack_sharing_enabled":true,"_links":{"self":[{"href":"https:\/\/zonaroja.com.mx\/index.php?rest_route=\/wp\/v2\/posts\/26493","targetHints":{"allow":["GET"]}}],"collection":[{"href":"https:\/\/zonaroja.com.mx\/index.php?rest_route=\/wp\/v2\/posts"}],"about":[{"href":"https:\/\/zonaroja.com.mx\/index.php?rest_route=\/wp\/v2\/types\/post"}],"author":[{"embeddable":true,"href":"https:\/\/zonaroja.com.mx\/index.php?rest_route=\/wp\/v2\/users\/2"}],"replies":[{"embeddable":true,"href":"https:\/\/zonaroja.com.mx\/index.php?rest_route=%2Fwp%2Fv2%2Fcomments&post=26493"}],"version-history":[{"count":2,"href":"https:\/\/zonaroja.com.mx\/index.php?rest_route=\/wp\/v2\/posts\/26493\/revisions"}],"predecessor-version":[{"id":26502,"href":"https:\/\/zonaroja.com.mx\/index.php?rest_route=\/wp\/v2\/posts\/26493\/revisions\/26502"}],"wp:featuredmedia":[{"embeddable":true,"href":"https:\/\/zonaroja.com.mx\/index.php?rest_route=\/wp\/v2\/media\/26494"}],"wp:attachment":[{"href":"https:\/\/zonaroja.com.mx\/index.php?rest_route=%2Fwp%2Fv2%2Fmedia&parent=26493"}],"wp:term":[{"taxonomy":"category","embeddable":true,"href":"https:\/\/zonaroja.com.mx\/index.php?rest_route=%2Fwp%2Fv2%2Fcategories&post=26493"},{"taxonomy":"post_tag","embeddable":true,"href":"https:\/\/zonaroja.com.mx\/index.php?rest_route=%2Fwp%2Fv2%2Ftags&post=26493"}],"curies":[{"name":"wp","href":"https:\/\/api.w.org\/{rel}","templated":true}]}}