{"id":26497,"date":"2021-04-27T07:00:08","date_gmt":"2021-04-27T12:00:08","guid":{"rendered":"https:\/\/www.zonaroja.com.mx\/?p=26497"},"modified":"2021-04-27T06:55:52","modified_gmt":"2021-04-27T11:55:52","slug":"violencia-imparable-en-la-capital-de-oaxaca-asesina-a-joven","status":"publish","type":"post","link":"https:\/\/zonaroja.com.mx\/?p=26497","title":{"rendered":"Violencia imparable en la capital de Oaxaca; asesina a joven"},"content":{"rendered":"\n<p class=\"MsoNormal\">Redacci\u00f3n\/Zona Roja.<\/p>\n\n\n\n<p class=\"MsoNormal\">Oaxaca de Ju\u00e1rez, Oax., 27 de abril de 2021.- Ante las nulas acciones en materia de seguridad p\u00fablica por parte del ayuntamiento, la noche de\u00a0<a href=\"\/\/1\">este lunes<\/a>\u00a0un joven fue asesinado en la capital de Oaxaca.<\/p>\n\n\n\n<p class=\"MsoNormal\">Los hechos sucedieron en la calle Margarita Mart\u00ednez esquina F\u00e9lix Romero, de la colonia M\u00e1rtires de R\u00edo Blanco, al norte del Centro Hist\u00f3rico.<\/p>\n\n\n\n<p class=\"MsoNormal\">El individuo, identificado como Sergio H. C., de 33 a\u00f1os de edad, fue atacado por sujetos desconocidos, uno de los cuales le lesion\u00f3 el cuello con una navaja, por lo cual perdi\u00f3 la vida.<\/p>\n\n\n\n<p class=\"MsoNormal\">Param\u00e9dicos del Heroico Cuerpo de Bomberos arribaron para brindarle los primeros auxilios, pero corroboraron que ya hab\u00eda perdido la vida.<\/p>\n\n\n\n<p class=\"MsoNormal\">Por la ma\u00f1ana de ayer, un cuarto indigente en menos de una semana, perdi\u00f3 la vida, tambi\u00e9n en la ciudad de Oaxaca.<\/p>\n\n\n\n<p class=\"MsoNormal\">Fue en la calle de Macedonio Alcal\u00e1, casi esquina con calzada H\u00e9roes de Chapultepec, en que fue hallado el cuerpo del individuo de la persona en situaci\u00f3n de calle.<\/p>\n","protected":false},"excerpt":{"rendered":"<p>Redacci\u00f3n\/Zona Roja. Oaxaca de Ju\u00e1rez, Oax., 27 de abril de 2021.- Ante las nulas acciones&hellip;<\/p>\n","protected":false},"author":2,"featured_media":26500,"comment_status":"closed","ping_status":"open","sticky":false,"template":"","format":"standard","meta":{"_lmt_disableupdate":"","_lmt_disable":"","_jetpack_memberships_contains_paid_content":false,"footnotes":""},"categories":[109,51],"tags":[],"class_list":["post-26497","post","type-post","status-publish","format-standard","has-post-thumbnail","hentry","category-minuto-a-minuto","category-zona-roja"],"jetpack_featured_media_url":"https:\/\/zonaroja.com.mx\/wp-content\/uploads\/2021\/04\/Asesinado-ciudad-de-Oaxaca.jpg","jetpack_sharing_enabled":true,"_links":{"self":[{"href":"https:\/\/zonaroja.com.mx\/index.php?rest_route=\/wp\/v2\/posts\/26497","targetHints":{"allow":["GET"]}}],"collection":[{"href":"https:\/\/zonaroja.com.mx\/index.php?rest_route=\/wp\/v2\/posts"}],"about":[{"href":"https:\/\/zonaroja.com.mx\/index.php?rest_route=\/wp\/v2\/types\/post"}],"author":[{"embeddable":true,"href":"https:\/\/zonaroja.com.mx\/index.php?rest_route=\/wp\/v2\/users\/2"}],"replies":[{"embeddable":true,"href":"https:\/\/zonaroja.com.mx\/index.php?rest_route=%2Fwp%2Fv2%2Fcomments&post=26497"}],"version-history":[{"count":2,"href":"https:\/\/zonaroja.com.mx\/index.php?rest_route=\/wp\/v2\/posts\/26497\/revisions"}],"predecessor-version":[{"id":26501,"href":"https:\/\/zonaroja.com.mx\/index.php?rest_route=\/wp\/v2\/posts\/26497\/revisions\/26501"}],"wp:featuredmedia":[{"embeddable":true,"href":"https:\/\/zonaroja.com.mx\/index.php?rest_route=\/wp\/v2\/media\/26500"}],"wp:attachment":[{"href":"https:\/\/zonaroja.com.mx\/index.php?rest_route=%2Fwp%2Fv2%2Fmedia&parent=26497"}],"wp:term":[{"taxonomy":"category","embeddable":true,"href":"https:\/\/zonaroja.com.mx\/index.php?rest_route=%2Fwp%2Fv2%2Fcategories&post=26497"},{"taxonomy":"post_tag","embeddable":true,"href":"https:\/\/zonaroja.com.mx\/index.php?rest_route=%2Fwp%2Fv2%2Ftags&post=26497"}],"curies":[{"name":"wp","href":"https:\/\/api.w.org\/{rel}","templated":true}]}}