{"id":26506,"date":"2021-04-27T07:55:11","date_gmt":"2021-04-27T12:55:11","guid":{"rendered":"http:\/\/www.zonaroja.com.mx\/?p=26506"},"modified":"2021-04-27T07:55:15","modified_gmt":"2021-04-27T12:55:15","slug":"pobladores-de-san-pablo-etla-rechazan-parque-instalado-por-magistrado","status":"publish","type":"post","link":"https:\/\/zonaroja.com.mx\/?p=26506","title":{"rendered":"Pobladores de San Pablo, Etla, rechazan parque instalado por magistrado"},"content":{"rendered":"\n<p>Redacci\u00f3n\/Zona Roja.<\/p>\n\n\n\n<p>Oaxaca de Ju\u00e1rez, Oax., 27 de abril de 2021.- Pobladores de San Pablo, Etla, exigen a las autoridades municipales la cancelaci\u00f3n de un supuesto parque jur\u00e1sico para menores, debido al fraude que representa, los peligros, la generaci\u00f3n de basura y la exposici\u00f3n al Covid-19.<\/p>\n\n\n\n<p>El pasado domingo 18 de abril, en la Segunda Secci\u00f3n de dicho municipio conurbado a la capital, fue inaugurado un lugar llamado \u00abLa Caba\u00f1a del Arte\u00bb, un \u00abparque Cret\u00e1sico\u00bb y supuesto spa; s\u00f3lo cuenta con cuatro dinosaurios de fibra de vidrio.<\/p>\n\n\n\n<p>De acuerdo con los vecinos, es propiedad del magistrado Rub\u00e9n Dom\u00ednguez Viloria y fue rentado a Ren\u00e9 Chimil Hern\u00e1ndez, pero ahora se ha convertido en un serio problema para la comunidad, ya que sin contar con la aprobaci\u00f3n del pueblo lo abrieron y ha creado serios problemas en especial por el ruido, la falta de estacionamiento y la basura que arrojan a la calle los visitantes.<\/p>\n\n\n\n<p>Seg\u00fan el edil Alfonso P\u00e9rez M\u00e9ndez, el sitio no cuenta con el permiso de las autoridades que se rigen bajo el sistema de Usos y Costumbres, pero tampoco ha procedido a la clausura.<\/p>\n\n\n\n<p>Fue cerrado el a\u00f1o pasado cuando realizaban fiestas Covid durante los meses m\u00e1s delicados e intensos de la pandemia.<\/p>\n\n\n\n<p>Refieren los pobladores que el individuo de oficio maquillista ya ha tra\u00eddo a candidatos a diputados federales de varios partidos pol\u00edticos a quienes les pidi\u00f3 apoyo econ\u00f3mico y de difusi\u00f3n y les present\u00f3 un proyecto que seg\u00fan \u00e9l, ya tiene a\u00f1os; en el sitio hace algunos meses funcionaba una pizzer\u00eda.<\/p>\n\n\n\n<p>Ren\u00e9 Chimil se escuda en que la entidad se encuentra en sem\u00e1foro verde, que sus m\u00faltiples contactos ya hicieron los tr\u00e1mites ante de las autoridades del municipio de San Pablo Etla y que cuenta con los permisos.<\/p>\n\n\n\n<p>Presume que como es propiedad de un magistrado federal, no hay problema en el abuso ya que a su casero lo apoyan pol\u00edticos, funcionarios, empresarios y la comunidad oaxaque\u00f1a.<\/p>\n\n\n\n<p>En el referido parque, s\u00f3lo coloc\u00f3 cuatro figuras realizadas en Polirresina y fibra de vidrio para que los ni\u00f1os se tomen fotograf\u00edas y con lo cual ya lo llama \u00abparque Cret\u00e1cico\u00bb.<\/p>\n\n\n\n<p>La gente ha acudido al lugar sin medidas sanitarias, sin gel, sin cubrebocas, ni mucho menos sana distancia, adem\u00e1s de cobrar el acceso a 50 pesos por persona, pese a que pr\u00e1cticamente es un terreno bald\u00edo.<\/p>\n\n\n\n<p>Por ello, los vecinos se organizan para exigir al presidente municipal la clausura inmediata del sitio.<\/p>\n","protected":false},"excerpt":{"rendered":"<p>Redacci\u00f3n\/Zona Roja. Oaxaca de Ju\u00e1rez, Oax., 27 de abril de 2021.- Pobladores de San Pablo,&hellip;<\/p>\n","protected":false},"author":2,"featured_media":26507,"comment_status":"closed","ping_status":"open","sticky":false,"template":"","format":"standard","meta":{"_lmt_disableupdate":"","_lmt_disable":"","_jetpack_memberships_contains_paid_content":false,"footnotes":""},"categories":[109,47],"tags":[824],"class_list":["post-26506","post","type-post","status-publish","format-standard","has-post-thumbnail","hentry","category-minuto-a-minuto","category-zona-gris","tag-san-pablo-etla"],"jetpack_featured_media_url":"https:\/\/zonaroja.com.mx\/wp-content\/uploads\/2021\/04\/Parque-San-Pablo-Etla.png","jetpack_sharing_enabled":true,"_links":{"self":[{"href":"https:\/\/zonaroja.com.mx\/index.php?rest_route=\/wp\/v2\/posts\/26506","targetHints":{"allow":["GET"]}}],"collection":[{"href":"https:\/\/zonaroja.com.mx\/index.php?rest_route=\/wp\/v2\/posts"}],"about":[{"href":"https:\/\/zonaroja.com.mx\/index.php?rest_route=\/wp\/v2\/types\/post"}],"author":[{"embeddable":true,"href":"https:\/\/zonaroja.com.mx\/index.php?rest_route=\/wp\/v2\/users\/2"}],"replies":[{"embeddable":true,"href":"https:\/\/zonaroja.com.mx\/index.php?rest_route=%2Fwp%2Fv2%2Fcomments&post=26506"}],"version-history":[{"count":1,"href":"https:\/\/zonaroja.com.mx\/index.php?rest_route=\/wp\/v2\/posts\/26506\/revisions"}],"predecessor-version":[{"id":26508,"href":"https:\/\/zonaroja.com.mx\/index.php?rest_route=\/wp\/v2\/posts\/26506\/revisions\/26508"}],"wp:featuredmedia":[{"embeddable":true,"href":"https:\/\/zonaroja.com.mx\/index.php?rest_route=\/wp\/v2\/media\/26507"}],"wp:attachment":[{"href":"https:\/\/zonaroja.com.mx\/index.php?rest_route=%2Fwp%2Fv2%2Fmedia&parent=26506"}],"wp:term":[{"taxonomy":"category","embeddable":true,"href":"https:\/\/zonaroja.com.mx\/index.php?rest_route=%2Fwp%2Fv2%2Fcategories&post=26506"},{"taxonomy":"post_tag","embeddable":true,"href":"https:\/\/zonaroja.com.mx\/index.php?rest_route=%2Fwp%2Fv2%2Ftags&post=26506"}],"curies":[{"name":"wp","href":"https:\/\/api.w.org\/{rel}","templated":true}]}}