{"id":26509,"date":"2021-04-27T08:07:13","date_gmt":"2021-04-27T13:07:13","guid":{"rendered":"http:\/\/www.zonaroja.com.mx\/?p=26509"},"modified":"2021-04-27T08:07:17","modified_gmt":"2021-04-27T13:07:17","slug":"gobierno-complice-en-la-desaparicion-de-mujeres-vilma-katt","status":"publish","type":"post","link":"https:\/\/zonaroja.com.mx\/?p=26509","title":{"rendered":"Gobierno c\u00f3mplice en la desaparici\u00f3n de mujeres: Vilma Katt"},"content":{"rendered":"\n<p>Redacci\u00f3n\/Zona Roja.<\/p>\n\n\n\n<p>Oaxaca de Ju\u00e1rez, Oax., 27 de abril de 2021.- \u201cEl Estado mexicano debe reconocer que ha sido rebasado en torno a la desaparici\u00f3n de mujeres, y los gobiernos deben dejar de ser c\u00f3mplices en esta cruda realidad que no puede esconderse, ya que aumenta de manera alarmante en la entidad oaxaque\u00f1a y todo el pa\u00eds\u201d.&nbsp;<\/p>\n\n\n\n<p>Son las palabras de la activista y lesbofeminista, Vilma Katt Ulloa, quien recientemente convers\u00f3 con la periodista Evlin Arag\u00f3n sobre las desapariciones forzadas de ni\u00f1as, j\u00f3venes y mujeres, en el cuarto episodio del podcast \u201cOla Violeta\u201d.&nbsp;<\/p>\n\n\n\n<p>Para la activista y acompa\u00f1ante de casos, las autoridades de seguridad y procuraci\u00f3n de justicia en Oaxaca carecen de protocolos para atender, investigar, y dar seguimiento a los casos que son denunciados de manera diaria en la entidad, particularmente en las regiones de la Mixteca, Costa e Istmo.<\/p>\n\n\n\n<p>Claro ejemplo la deficiente atenci\u00f3n que brinda la Fiscal\u00eda Especializada en Delitos por Raz\u00f3n de G\u00e9nero, cuyo personal revictimiza a las mujeres que han sufrido alg\u00fan tipo de violencia, incluyendo a las familias que va a reportar la desaparici\u00f3n de sus hijas.&nbsp;<\/p>\n\n\n\n<p>Ello sin contar la corrupci\u00f3n que se vive al interior de la dependencia donde, refiere, incluso hay casos de Ministerios P\u00fablicos que venden la informaci\u00f3n de las v\u00edctimas a quienes ejercieron violencia en contra de estas.&nbsp;<\/p>\n\n\n\n<p>Katt Ulloa plante\u00f3 que la desaparici\u00f3n de mujeres es considerada un tipo de violencia de g\u00e9nero, que retrata la falta de acciones por parte del Estado y los organismos creados expresamente para prevenir, atender sancionar y erradicar la violencia contra las mujeres.&nbsp;<\/p>\n\n\n\n<p>\u201cSe trata de una realidad constante, una realidad feminicida que ha existido y perpetua el consumo de los cuerpos de las ni\u00f1as y mujeres. Es una realidad que no debemos ignorar, que debemos nombrar, visibilizar y poner en la mirada publica, desde el feminismo\u201d, refiri\u00f3.&nbsp;<\/p>\n\n\n\n<p>Y es que, de acuerdo con la activista, detr\u00e1s de la desaparici\u00f3n de mujeres est\u00e1n los delitos de trata de personas, explotaci\u00f3n y comercio sexual, as\u00ed como la pornograf\u00eda infantil, todos vinculados al crimen organizado que se mueve con completa impunidad en el estado.<\/p>\n\n\n\n<p>A ello se suma la poca o nula importancia que las autoridades brindan a la problem\u00e1tica que, aunque es muy grave, sigue siendo minimizada al asegurar que las mujeres \u201cse van con el novio\u201d, discurso con el cual se deslindan de su responsabilidad de iniciar la b\u00fasqueda.&nbsp;<\/p>\n\n\n\n<p>MINIMIZAN PROBLEM\u00c1TICA<\/p>\n\n\n\n<p>El propio ex fiscal, Rub\u00e9n Vasconcelos M\u00e9ndez, lleg\u00f3 a utilizar p\u00fablicamente este argumento para minimizar el n\u00famero de casos que, en Oaxaca se cuentan por cientos, incluso miles, en lo que va de la administraci\u00f3n de Alejandro Murat Hinojosa, que tambi\u00e9n lleva r\u00e9cord de feminicidios.&nbsp;<\/p>\n\n\n\n<p>La reducci\u00f3n del problema, dijo, tiene que ver con la falta de profesionalizaci\u00f3n del funcionariado p\u00fablico, sin dejar de nombrar que los consumidores de los cuerpos de las ni\u00f1as y mujeres suelen ser parte de la \u00e9lite diplom\u00e1tica, pol\u00edtica, empresarial y econ\u00f3mica del pa\u00eds, raz\u00f3n por la que no existe, por parte de los gobiernos, la garant\u00eda de acceso a una vida libre de violencia.&nbsp;&nbsp;<\/p>\n\n\n\n<p>\u201cNo cambian, siguen siendo gobiernos mis\u00f3ginos, machistas y por ende gobiernos feminicidas. Cambian las caras de los gobernantes, pero el discurso es el mismo, es el discurso el que es maquillado y no las cifras reportadas por las organizaciones sociales\u201d, dijo.&nbsp;<\/p>\n\n\n\n<p>As\u00ed mismo, plante\u00f3 que la falta de protocolos y acciones contundentes para realizar una b\u00fasqueda efectiva de las mujeres reportadas como desaparecidas, da como resultado que sean las propias madres, con el respaldo de las feministas, quienes por cuenta propia hacen la labor de las autoridades.&nbsp;<\/p>\n\n\n\n<p>Ello sin dejar de nombrar la impunidad al momento de sancionar el delito que ha permitido el registro de 400 mujeres desaparecidas en tan s\u00f3lo un a\u00f1o.<\/p>\n\n\n\n<p>\u201cEn Oaxaca es un peligro ser mujer, si t\u00fa sales de tu casa no est\u00e1s segura si vas regresar. Las mujeres somos violentadas todos los d\u00edas, en todos los lugares y a todas horas. El mayor porcentaje de violencia que vivimos es en transporte p\u00fablico. Oaxaca es un foco tur\u00edstico y eso hace que est\u00e9n abiertas las puertas incluso para el crimen organizado\u201d, sentenci\u00f3.&nbsp;&nbsp;<\/p>\n\n\n\n<p>Por ello, la activista invit\u00f3 a la sociedad a dejar de se\u00f1alar, cuestionar, revictimizar y culpabilizar a las mujeres de las violencias de las que son v\u00edctimas, toda vez que ello solo normaliza los ataques violentos y las desapariciones, dando por hecho que su comportamiento, vestimenta o personalidad justifica los delitos cometidos en su contra.&nbsp;<\/p>\n\n\n\n<p>As\u00ed mismo, advirti\u00f3 que no es necesario que se cumplan 72 hora para denunciar la desaparici\u00f3n de las mujeres, por tanto, asegur\u00f3 que las autoridades est\u00e1n obligada a recibir la denuncia, emitir la respectiva ficha de b\u00fasqueda, realizar una investigaci\u00f3n pronta, con perspectiva de g\u00e9nero y acompa\u00f1amiento id\u00f3neo.<\/p>\n\n\n\n<p>\u201cOla Violeta\u201d es un podcast feminista conducido por la periodista Evlin Arag\u00f3n que, en su primera temporada, aborda los principales temas de la agenda feminista en Oaxaca y que se encuentra disponible en Spotify, Deezer, Apple Podcast, Amazon Music y Google Podcast.&nbsp;&nbsp;<\/p>\n","protected":false},"excerpt":{"rendered":"<p>Redacci\u00f3n\/Zona Roja. Oaxaca de Ju\u00e1rez, Oax., 27 de abril de 2021.- \u201cEl Estado mexicano debe&hellip;<\/p>\n","protected":false},"author":2,"featured_media":26510,"comment_status":"closed","ping_status":"open","sticky":false,"template":"","format":"standard","meta":{"_lmt_disableupdate":"","_lmt_disable":"","_jetpack_memberships_contains_paid_content":false,"footnotes":""},"categories":[109,46],"tags":[2514],"class_list":["post-26509","post","type-post","status-publish","format-standard","has-post-thumbnail","hentry","category-minuto-a-minuto","category-zona-blanca","tag-evlin-aragon"],"jetpack_featured_media_url":"https:\/\/zonaroja.com.mx\/wp-content\/uploads\/2021\/04\/Ola-Violeta-Vilma-Katt.png","jetpack_sharing_enabled":true,"_links":{"self":[{"href":"https:\/\/zonaroja.com.mx\/index.php?rest_route=\/wp\/v2\/posts\/26509","targetHints":{"allow":["GET"]}}],"collection":[{"href":"https:\/\/zonaroja.com.mx\/index.php?rest_route=\/wp\/v2\/posts"}],"about":[{"href":"https:\/\/zonaroja.com.mx\/index.php?rest_route=\/wp\/v2\/types\/post"}],"author":[{"embeddable":true,"href":"https:\/\/zonaroja.com.mx\/index.php?rest_route=\/wp\/v2\/users\/2"}],"replies":[{"embeddable":true,"href":"https:\/\/zonaroja.com.mx\/index.php?rest_route=%2Fwp%2Fv2%2Fcomments&post=26509"}],"version-history":[{"count":1,"href":"https:\/\/zonaroja.com.mx\/index.php?rest_route=\/wp\/v2\/posts\/26509\/revisions"}],"predecessor-version":[{"id":26511,"href":"https:\/\/zonaroja.com.mx\/index.php?rest_route=\/wp\/v2\/posts\/26509\/revisions\/26511"}],"wp:featuredmedia":[{"embeddable":true,"href":"https:\/\/zonaroja.com.mx\/index.php?rest_route=\/wp\/v2\/media\/26510"}],"wp:attachment":[{"href":"https:\/\/zonaroja.com.mx\/index.php?rest_route=%2Fwp%2Fv2%2Fmedia&parent=26509"}],"wp:term":[{"taxonomy":"category","embeddable":true,"href":"https:\/\/zonaroja.com.mx\/index.php?rest_route=%2Fwp%2Fv2%2Fcategories&post=26509"},{"taxonomy":"post_tag","embeddable":true,"href":"https:\/\/zonaroja.com.mx\/index.php?rest_route=%2Fwp%2Fv2%2Ftags&post=26509"}],"curies":[{"name":"wp","href":"https:\/\/api.w.org\/{rel}","templated":true}]}}