{"id":26516,"date":"2021-04-27T13:29:28","date_gmt":"2021-04-27T18:29:28","guid":{"rendered":"https:\/\/www.zonaroja.com.mx\/?p=26516"},"modified":"2021-04-27T13:29:33","modified_gmt":"2021-04-27T18:29:33","slug":"volvera-caravana-triqui-acusan-que-aun-no-son-atendidas-sus-demandas","status":"publish","type":"post","link":"https:\/\/zonaroja.com.mx\/?p=26516","title":{"rendered":"Volver\u00e1 caravana triqui; acusan que a\u00fan no son atendidas sus demandas"},"content":{"rendered":"\n<p class=\"MsoNormal\">Evlin Arag\u00f3n\/Zona Roja.&nbsp;<\/p>\n\n\n\n<p class=\"MsoNormal\">Oaxaca de Ju\u00e1rez, Oax., 27 de abril de 2021.-&nbsp;El pr\u00f3ximo 4 de mayo, mujeres y hombres desplazados de Tierra Blanca Copala realizar\u00edan de nueva cuenta la \u201cCaravana por la pacificaci\u00f3n del pueblo triqui\u201d en la ciudad de Oaxaca y la capital del pa\u00eds, con la intenci\u00f3n de evidenciar la falta de atenci\u00f3n por parte de los gobierno estatal y federal, a la problem\u00e1tica que padecen desde finales del 2020.<\/p>\n\n\n\n<p class=\"MsoNormal\">As\u00ed lo dieron a conocer integrantes del Movimiento de Unificaci\u00f3n y Lucha Triqui Independiente (MULTI) y organizaciones solidarias, a trav\u00e9s de un comunicado en el que explicaron que la actividad se replicara en Hermosillo, Sonora; San Quint\u00edn, Baja California; y Seattle, Washington, Estados Unidos.&nbsp;&nbsp;<\/p>\n\n\n\n<p class=\"MsoNormal\">\u201cEn el caso de que la situaci\u00f3n de olvido y abandono contin\u00fae por parte de ambos gobiernos, la asamblea, en conjunto con la direcci\u00f3n colectiva dl MULTI acord\u00f3 reanudar&nbsp;<a href=\"\/\/0\">el d\u00eda 4 de mayo del 2021<\/a>&nbsp;la \u2018Caravana por la pacificaci\u00f3n del pueblo triqui\u2019\u201d, refieren.&nbsp;&nbsp;<\/p>\n\n\n\n<p class=\"MsoNormal\">La primera emisi\u00f3n de dicha jornada se realiz\u00f3 de Yosoyuxi Copala a la Ciudad de M\u00e9xico, el pasado 22 de febrero, la cual dio como resultado la firma de cuatro minutas de acuerdos y ejes de trabajo con los gobiernos estatal y federal, representados por Alejandro Murat Hinojosa y Alejandro Encinas, respectivamente.&nbsp;<\/p>\n\n\n\n<p class=\"MsoNormal\">Pese a lo anterior el Estado mexicano no ha podido generar el retorno seguro de las familias desplazadas, ni ha instalado la base de la Guardia Nacional en la zona, la cual garantice la no repetici\u00f3n de los actos violentos, argumentando que el Movimiento de unificaci\u00f3n y Lucha Triqui (MULT) no ha permitido el cumplimiento de acuerdos.&nbsp;&nbsp;<\/p>\n\n\n\n<p class=\"MsoNormal\">\u201cNos parece preocupante, es dif\u00edcil de creer que el Estado mexicano, siendo la autoridad rectora, no pueda generar gobernabilidad ni aplicar el estado de derecho en la comunidad de Tierra Blanca Copala y esto se vea obstaculizado por una seudoorganizaci\u00f3n\u201d, expone el comunicado.&nbsp;&nbsp;<\/p>\n\n\n\n<p class=\"MsoNormal\">Por lo anterior, urgieron al gobernador de Oaxaca, Alejandro Murat Hinojosa, as\u00ed como al subsecretario de Derechos Humanos, Alejandro Encinas, se d\u00e9 cumplimiento a los acuerdos establecidos, as\u00ed mismo se instale una mesa de trabajo interestatal.&nbsp;<\/p>\n\n\n\n<p class=\"MsoNormal\">Lo anterior para acordar el retorno seguro de las y los desplazados de Tierra Blanca, as\u00ed como para la soluci\u00f3n definitiva del desplazamiento forzado de los pobladores de esta comunidad.&nbsp;&nbsp;<\/p>\n\n\n\n<p class=\"MsoNormal\">La violencia que se registr\u00f3 en Tierra Blanca, Copala, desde finales del 2019, deriv\u00f3 en el desplazamiento forzada de 500 personas, aproximadamente, quienes se vieron en la necesidad de dejar sus viviendas para salvaguardar sus vidas.   <\/p>\n","protected":false},"excerpt":{"rendered":"<p>Evlin Arag\u00f3n\/Zona Roja.&nbsp; Oaxaca de Ju\u00e1rez, Oax., 27 de abril de 2021.-&nbsp;El pr\u00f3ximo 4 de&hellip;<\/p>\n","protected":false},"author":2,"featured_media":26515,"comment_status":"closed","ping_status":"open","sticky":false,"template":"","format":"standard","meta":{"_lmt_disableupdate":"","_lmt_disable":"","_jetpack_memberships_contains_paid_content":false,"footnotes":""},"categories":[109,47],"tags":[1712],"class_list":["post-26516","post","type-post","status-publish","format-standard","has-post-thumbnail","hentry","category-minuto-a-minuto","category-zona-gris","tag-tierra-blanca-copala"],"jetpack_featured_media_url":"https:\/\/zonaroja.com.mx\/wp-content\/uploads\/2021\/04\/img_8199.jpg","jetpack_sharing_enabled":true,"_links":{"self":[{"href":"https:\/\/zonaroja.com.mx\/index.php?rest_route=\/wp\/v2\/posts\/26516","targetHints":{"allow":["GET"]}}],"collection":[{"href":"https:\/\/zonaroja.com.mx\/index.php?rest_route=\/wp\/v2\/posts"}],"about":[{"href":"https:\/\/zonaroja.com.mx\/index.php?rest_route=\/wp\/v2\/types\/post"}],"author":[{"embeddable":true,"href":"https:\/\/zonaroja.com.mx\/index.php?rest_route=\/wp\/v2\/users\/2"}],"replies":[{"embeddable":true,"href":"https:\/\/zonaroja.com.mx\/index.php?rest_route=%2Fwp%2Fv2%2Fcomments&post=26516"}],"version-history":[{"count":1,"href":"https:\/\/zonaroja.com.mx\/index.php?rest_route=\/wp\/v2\/posts\/26516\/revisions"}],"predecessor-version":[{"id":26517,"href":"https:\/\/zonaroja.com.mx\/index.php?rest_route=\/wp\/v2\/posts\/26516\/revisions\/26517"}],"wp:featuredmedia":[{"embeddable":true,"href":"https:\/\/zonaroja.com.mx\/index.php?rest_route=\/wp\/v2\/media\/26515"}],"wp:attachment":[{"href":"https:\/\/zonaroja.com.mx\/index.php?rest_route=%2Fwp%2Fv2%2Fmedia&parent=26516"}],"wp:term":[{"taxonomy":"category","embeddable":true,"href":"https:\/\/zonaroja.com.mx\/index.php?rest_route=%2Fwp%2Fv2%2Fcategories&post=26516"},{"taxonomy":"post_tag","embeddable":true,"href":"https:\/\/zonaroja.com.mx\/index.php?rest_route=%2Fwp%2Fv2%2Ftags&post=26516"}],"curies":[{"name":"wp","href":"https:\/\/api.w.org\/{rel}","templated":true}]}}