{"id":26518,"date":"2021-04-27T15:10:15","date_gmt":"2021-04-27T20:10:15","guid":{"rendered":"http:\/\/www.zonaroja.com.mx\/?p=26518"},"modified":"2021-04-27T15:10:18","modified_gmt":"2021-04-27T20:10:18","slug":"analiza-senado-eliminar-el-uso-de-plasticos-desechables-en-todo-mexico","status":"publish","type":"post","link":"https:\/\/zonaroja.com.mx\/?p=26518","title":{"rendered":"Analiza Senado eliminar el uso de pl\u00e1sticos desechables en todo M\u00e9xico"},"content":{"rendered":"\n<p>Redacci\u00f3n\/Zona Roja.<\/p>\n\n\n\n<p>Oaxaca de Ju\u00e1rez, Oax., 27 de abril de 2021.- El Senado de la Rep\u00fablica analiza retomar la ley del Congreso de Oaxaca, promovida por el diputado Horacio Sosa Villavicencio, que proh\u00edbe el uso de pl\u00e1stico y embalajes de unicel, para aplicarla en todo el pa\u00eds, inform\u00f3 la senadora morenista Susana Harp Iturribar\u00eda.<\/p>\n\n\n\n<p>Lo anterior lo declar\u00f3 este 24 de abril en Ayoquezco de Aldama, al acudir a la apertura de campa\u00f1a de Horacio Sosa Villavicencio, rumbo a la diputaci\u00f3n local, por el distrito XVI con cabecera en Zimatl\u00e1n de \u00c1lvarez, Oaxaca.<\/p>\n\n\n\n<p>Aplaudi\u00f3 el trabajo de Horacio Sosa, principalmente las reformas a favor del medio ambiente, de los bosques, del agua y de la madre tierra. Adem\u00e1s de las leyes creadas en favor de las mujeres y hombres j\u00f3venes para garantizarles mejor calidad de vida.<\/p>\n\n\n\n<figure class=\"wp-block-embed-twitter wp-block-embed is-type-rich is-provider-twitter\"><div class=\"wp-block-embed__wrapper\">\n<div class=\"twitter-tweet\"><blockquote class=\"twitter-tweet\" data-lang=\"es\"><p lang=\"es\" dir=\"ltr\">En el <a href=\"https:\/\/twitter.com\/hashtag\/DTTO16?src=hash&amp;ref_src=twsrc%5Etfw\">#DTTO16<\/a> tenemos un camino, el camino de la <a href=\"https:\/\/twitter.com\/hashtag\/CuartaTransformaci%C3%B3n?src=hash&amp;ref_src=twsrc%5Etfw\">#CuartaTransformaci\u00f3n<\/a>. <br>\u00a1Vamos unidos por la defensa de la esperanza! \u2665\ufe0f<a href=\"https:\/\/twitter.com\/CEEmorenaOax?ref_src=twsrc%5Etfw\">@CEEmorenaOax<\/a> <a href=\"https:\/\/twitter.com\/Desde_Izquierda?ref_src=twsrc%5Etfw\">@Desde_Izquierda<\/a> <a href=\"https:\/\/t.co\/ayAQcYa324\">pic.twitter.com\/ayAQcYa324<\/a><\/p>&mdash; Horacio Sosa Villavicencio (@HoracioSosaOax) <a href=\"https:\/\/twitter.com\/HoracioSosaOax\/status\/1386177699262222341?ref_src=twsrc%5Etfw\">25 de abril de 2021<\/a><\/blockquote><\/div>\n<\/div><\/figure>\n\n\n\n<p>Al hacer uso de la voz, quien busca la reelecci\u00f3n en el cargo indic\u00f3 que ha recorrido los 38 municipios del Distrito XVI, desde San Agust\u00edn de las Juntas a San Antonio Huitepec y los seguir\u00e1 recorriendo. \u201csoy una gente de trabajo, una gente de propuestas, tenemos que consolidar la Cuarta Transformaci\u00f3n, esto ac\u00e1 no concluye, juntos somos la esperanza de M\u00e9xico.<\/p>\n\n\n\n<p>Asegur\u00f3 que es un hombre de trabajo y compromiso a favor de las familias que se dedican al campo oaxaque\u00f1o.<\/p>\n\n\n\n<p>A la apertura de campa\u00f1a Horacio Sosa Villavicencio, asistieron el presidente de la Junta de Coordinaci\u00f3n Pol\u00edtica (Jucopo) de la 64 legislatura, Fredie Delf\u00edn Avenda\u00f1o; la senadora de la Rep\u00fablica Susana Harp, el diputado federal Daniel Guti\u00e9rrez.<\/p>\n\n\n\n<p>As\u00ed como la diputada local Magaly L\u00f3pez Dom\u00ednguez; los integrantes del comit\u00e9 ejecutivo estatal del partido, secretaria general Elizabeth Nolasco, secretaria de finanzas Elsa Mart\u00ednez Luis y de organizaci\u00f3n C\u00e9sar Cruz Aquino; los presidentes municipales de Ayoquezco de Aldama, San Bernardo Mixtepec, Ocotl\u00e1n de Morelos y Santa Ana Tlapacoyan, entre otros.<\/p>\n","protected":false},"excerpt":{"rendered":"<p>Redacci\u00f3n\/Zona Roja. Oaxaca de Ju\u00e1rez, Oax., 27 de abril de 2021.- El Senado de la&hellip;<\/p>\n","protected":false},"author":2,"featured_media":26519,"comment_status":"closed","ping_status":"open","sticky":false,"template":"","format":"standard","meta":{"_lmt_disableupdate":"","_lmt_disable":"","_jetpack_memberships_contains_paid_content":false,"footnotes":""},"categories":[109,46],"tags":[444],"class_list":["post-26518","post","type-post","status-publish","format-standard","has-post-thumbnail","hentry","category-minuto-a-minuto","category-zona-blanca","tag-horacio-sosa-villavicencio"],"jetpack_featured_media_url":"https:\/\/zonaroja.com.mx\/wp-content\/uploads\/2021\/04\/Horacio-Sosa-campana.jpg","jetpack_sharing_enabled":true,"_links":{"self":[{"href":"https:\/\/zonaroja.com.mx\/index.php?rest_route=\/wp\/v2\/posts\/26518","targetHints":{"allow":["GET"]}}],"collection":[{"href":"https:\/\/zonaroja.com.mx\/index.php?rest_route=\/wp\/v2\/posts"}],"about":[{"href":"https:\/\/zonaroja.com.mx\/index.php?rest_route=\/wp\/v2\/types\/post"}],"author":[{"embeddable":true,"href":"https:\/\/zonaroja.com.mx\/index.php?rest_route=\/wp\/v2\/users\/2"}],"replies":[{"embeddable":true,"href":"https:\/\/zonaroja.com.mx\/index.php?rest_route=%2Fwp%2Fv2%2Fcomments&post=26518"}],"version-history":[{"count":1,"href":"https:\/\/zonaroja.com.mx\/index.php?rest_route=\/wp\/v2\/posts\/26518\/revisions"}],"predecessor-version":[{"id":26520,"href":"https:\/\/zonaroja.com.mx\/index.php?rest_route=\/wp\/v2\/posts\/26518\/revisions\/26520"}],"wp:featuredmedia":[{"embeddable":true,"href":"https:\/\/zonaroja.com.mx\/index.php?rest_route=\/wp\/v2\/media\/26519"}],"wp:attachment":[{"href":"https:\/\/zonaroja.com.mx\/index.php?rest_route=%2Fwp%2Fv2%2Fmedia&parent=26518"}],"wp:term":[{"taxonomy":"category","embeddable":true,"href":"https:\/\/zonaroja.com.mx\/index.php?rest_route=%2Fwp%2Fv2%2Fcategories&post=26518"},{"taxonomy":"post_tag","embeddable":true,"href":"https:\/\/zonaroja.com.mx\/index.php?rest_route=%2Fwp%2Fv2%2Ftags&post=26518"}],"curies":[{"name":"wp","href":"https:\/\/api.w.org\/{rel}","templated":true}]}}