{"id":2652,"date":"2019-07-30T19:58:51","date_gmt":"2019-07-31T00:58:51","guid":{"rendered":"http:\/\/www.zonaroja.com.mx\/?p=2652"},"modified":"2019-07-30T19:58:53","modified_gmt":"2019-07-31T00:58:53","slug":"crimen-otra-vez-en-tuxtepec-suman-57-ejecuciones-en-medio-ano","status":"publish","type":"post","link":"https:\/\/zonaroja.com.mx\/?p=2652","title":{"rendered":"Crimen, otra vez en Tuxtepec; suman 57 ejecuciones en medio a\u00f1o"},"content":{"rendered":"\n<p>Redacci\u00f3n<\/p>\n\n\n\n<p>Oaxaca de\nJu\u00e1rez, Oax., 30 de julio de 2019.- La violencia no cesa en San Juan Bautista\nTuxtepec y la tarde de hoy fue asesinado a balazos un individuo. Asimismo, en\nla zona conurbada de la capital fue colocada una supuesta \u201cnarcomanta\u201d contra\nfuncionarios de seguridad, mientras que la ola de asaltos continu\u00f3 en la regi\u00f3n\ndel Istmo.<\/p>\n\n\n\n<p>Aproximadamente\na las 16:00 horas se perpetr\u00f3 el crimen en contra de una persona del sexo\nmasculino, cuyo cuerpo fue hallado a un costado de la carretera Tuxtepec-Loma\nBonita, en el entronque al Ejido Las Limas.<\/p>\n\n\n\n<p>Presentaba\ndiversos disparos de arma de fuego y a un costado fue hallada una motocicleta;\nla v\u00edctima, identificada de manera preliminar como Ernesto Altamirano Cruz, que\ntendr\u00eda aproximadamente 30 a\u00f1os de edad.<\/p>\n\n\n\n<p>De acuerdo\ncon reportes de medios informativos de la regi\u00f3n de la Cuenca, este ser\u00eda el\nhomicidio doloso n\u00famero 57 del gobierno municipal que encabeza Fernando\nBautista D\u00e1vila, quien gan\u00f3 las elecciones por el Partido Nueva Alianza. Dos\na\u00f1os atr\u00e1s tambi\u00e9n fue edil, por el Partido del Trabajo.<\/p>\n\n\n\n<p>ASALTOS EN\nJUCHIT\u00c1N<\/p>\n\n\n\n<p>En donde\ntambi\u00e9n la ola delictiva no cesa es en la regi\u00f3n del Istmo de Tehuantepec,\nparticularmente en Juchit\u00e1n de Zaragoza, donde durante el transcurso del d\u00eda se\nreportaron varios asaltos a mano armada, seg\u00fan confirmaci\u00f3n de fuentes de\nseguridad p\u00fablica.<\/p>\n\n\n\n<p>Uno de ellos\nfue a un trabajador de Banco Azteca, quien fue atracado con violencia en la\ncalle 16 de Septiembre, en el centro de esa ciudad; un m\u00e9dico fue asaltado en\nla Octava Secci\u00f3n, Cheguigo, por parte de un individuo con pistola; un delito\nsimilar se cometi\u00f3 en contra de ocupantes de un cami\u00f3n repartidor de tanques de\ngas dom\u00e9stico, en la colonia 15 de Septiembre.<\/p>\n\n\n\n<p>IDENTIFICAN\nA EJECUTADO<\/p>\n\n\n\n<p>Por otra\nparte, como don Carlos V., de aproximadamente 68 a\u00f1os de edad, fue identificada\nla persona asesinada ayer en la agencia La Venta, perteneciente a Juchit\u00e1n de\nZaragoza.<\/p>\n\n\n\n<p>Presuntamente\nsu agresor fue un polic\u00eda municipal que lo ultim\u00f3 con disparos de arma de fuego\nen la calle Vicente Guerrero, tras lo cual se dio a la fuga y a\u00fan no ha sido\nlocalizado.<\/p>\n\n\n\n<p>LA \u201cNARCOMANTA\u201d<\/p>\n\n\n\n<p>Mientras tanto,\nen la zona conurbada de la ciudad de Oaxaca fue colgada una manta en contra de\nautoridades de la Secretar\u00eda de Seguridad P\u00fablica, firmada por un supuesto\ngrupo del crimen organizado.<\/p>\n\n\n\n<p>Elementos policiacos\nretiraron de inmediato el letrero, que fue colocado durante la madrugada en el\npuente peatonal de la v\u00eda federal 175, Oaxaca-Puerto \u00c1ngel, en jurisdicci\u00f3n de\nSan Antonio de la Cal, municipio donde se asienta una de las sedes de la\nFiscal\u00eda General del Estado.<\/p>\n","protected":false},"excerpt":{"rendered":"<p>Redacci\u00f3n Oaxaca de Ju\u00e1rez, Oax., 30 de julio de 2019.- La violencia no cesa en&hellip;<\/p>\n","protected":false},"author":2,"featured_media":2653,"comment_status":"closed","ping_status":"open","sticky":false,"template":"","format":"standard","meta":{"_lmt_disableupdate":"","_lmt_disable":"","_jetpack_memberships_contains_paid_content":false,"footnotes":""},"categories":[109,51],"tags":[435],"class_list":["post-2652","post","type-post","status-publish","format-standard","has-post-thumbnail","hentry","category-minuto-a-minuto","category-zona-roja","tag-ejecutado-en-san-juan-bautista-tuxtepec"],"jetpack_featured_media_url":"https:\/\/zonaroja.com.mx\/wp-content\/uploads\/2019\/07\/5bb6a02e-62b9-47c9-803b-7b6f461270b4.jpg","jetpack_sharing_enabled":true,"_links":{"self":[{"href":"https:\/\/zonaroja.com.mx\/index.php?rest_route=\/wp\/v2\/posts\/2652","targetHints":{"allow":["GET"]}}],"collection":[{"href":"https:\/\/zonaroja.com.mx\/index.php?rest_route=\/wp\/v2\/posts"}],"about":[{"href":"https:\/\/zonaroja.com.mx\/index.php?rest_route=\/wp\/v2\/types\/post"}],"author":[{"embeddable":true,"href":"https:\/\/zonaroja.com.mx\/index.php?rest_route=\/wp\/v2\/users\/2"}],"replies":[{"embeddable":true,"href":"https:\/\/zonaroja.com.mx\/index.php?rest_route=%2Fwp%2Fv2%2Fcomments&post=2652"}],"version-history":[{"count":1,"href":"https:\/\/zonaroja.com.mx\/index.php?rest_route=\/wp\/v2\/posts\/2652\/revisions"}],"predecessor-version":[{"id":2654,"href":"https:\/\/zonaroja.com.mx\/index.php?rest_route=\/wp\/v2\/posts\/2652\/revisions\/2654"}],"wp:featuredmedia":[{"embeddable":true,"href":"https:\/\/zonaroja.com.mx\/index.php?rest_route=\/wp\/v2\/media\/2653"}],"wp:attachment":[{"href":"https:\/\/zonaroja.com.mx\/index.php?rest_route=%2Fwp%2Fv2%2Fmedia&parent=2652"}],"wp:term":[{"taxonomy":"category","embeddable":true,"href":"https:\/\/zonaroja.com.mx\/index.php?rest_route=%2Fwp%2Fv2%2Fcategories&post=2652"},{"taxonomy":"post_tag","embeddable":true,"href":"https:\/\/zonaroja.com.mx\/index.php?rest_route=%2Fwp%2Fv2%2Ftags&post=2652"}],"curies":[{"name":"wp","href":"https:\/\/api.w.org\/{rel}","templated":true}]}}