{"id":26521,"date":"2021-04-27T15:23:17","date_gmt":"2021-04-27T20:23:17","guid":{"rendered":"http:\/\/www.zonaroja.com.mx\/?p=26521"},"modified":"2021-04-27T15:23:22","modified_gmt":"2021-04-27T20:23:22","slug":"registran-11-casos-de-reacciones-graves-tras-aplicacion-de-vacuna-en-oaxaca","status":"publish","type":"post","link":"https:\/\/zonaroja.com.mx\/?p=26521","title":{"rendered":"Registran 11 casos de reacciones graves, tras aplicaci\u00f3n de vacuna en Oaxaca"},"content":{"rendered":"\n<p>Evlin Arag\u00f3n\/Zona Roja.<\/p>\n\n\n\n<p>Oaxaca de Ju\u00e1rez, Oax., 27 de abril de 2021.- Aproximadamente 609 personas han presentado alg\u00fan tipo de reacci\u00f3n a las vacunas contra Covid-19 que se han aplicado en Oaxaca, de las cuales once han sido registradas con complicaciones graves.&nbsp;<\/p>\n\n\n\n<p>As\u00ed lo dieron a conocer los Servicios de Salud de Oaxaca, como parte de su informe en que, adem\u00e1s, report\u00f3 66 casos nuevos de contagio en 29 municipios de la entidad oaxaque\u00f1a, que regres\u00f3 a sem\u00e1foro amarillo a partir de este fin de semana<\/p>\n\n\n\n<p>De acuerdo con la informaci\u00f3n oficial, siete personas, cuatro mujeres y tres varones, a las que se les aplic\u00f3 la vacuna Pfizer-BioNTech, en su primera y segunda dosis, presentaron complicaciones graves.<\/p>\n\n\n\n<p>Mujeres de 35 y 56 a\u00f1os de edad presentaron choque anafil\u00e1ctico, debido a antecedentes m\u00faltiples y alergias a f\u00e1rmacos; mientras que, en la poblaci\u00f3n de 26 y 38 a\u00f1os, fue edema pulmonar y aneurisma.<\/p>\n\n\n\n<p>As\u00ed mismo, en pacientes varones de 26, 56 y 60 a\u00f1os de edad, las complicaciones trajeron consigo: neumon\u00eda, Covid-19 y Hemorragia subaracnoidea-HAT, respectivamente, por lo que recibieron atenci\u00f3n m\u00e9dica especializada.&nbsp;<\/p>\n\n\n\n<p>En el caso del biol\u00f3gico de Sinovac, dos mujeres de 65 y 88 a\u00f1os de edad, presentaron s\u00edndrome doloroso abdominal, dificultad respiratoria, polipnea, desequilibrio hidroel\u00e9ctrico; y evento vascular cerebral.&nbsp;<\/p>\n\n\n\n<p>Finalmente, con respecto a la vacuna de Cansino, dos varones de 65 y 80 a\u00f1os refirieron evento vascular cerebral; p\u00e9rdida s\u00fabita del conocimiento, respectivamente.&nbsp;<\/p>\n\n\n\n<p>En el marco de la jornada de aplicaci\u00f3n de la primera y segunda dosis de la vacuna a personas adultas mayores en Oaxaca, s\u00f3lo el biol\u00f3gico de AztraZeneca no registr\u00f3 complicaciones graves.<\/p>\n\n\n\n<p>Mientras que, en general, los s\u00edntomas en los 598 casos no graves fueron: cefalea, dolor y sensibilidad en la zona de aplicaci\u00f3n, astenia, mialgias, fiebre, escalofr\u00edos, adinamia, mareos, n\u00e1useas.&nbsp;<\/p>\n\n\n\n<p>Hasta el momento, Oaxaca reporta 45 mil 646 contagios confirmados, de los cuales 235 se mantienen activos, y tres mil 444 defunciones, siendo Valles Centrales, Istmo y Cuenca las regiones con mayor mortandad.&nbsp;&nbsp;<\/p>\n","protected":false},"excerpt":{"rendered":"<p>Evlin Arag\u00f3n\/Zona Roja. Oaxaca de Ju\u00e1rez, Oax., 27 de abril de 2021.- Aproximadamente 609 personas&hellip;<\/p>\n","protected":false},"author":2,"featured_media":26522,"comment_status":"closed","ping_status":"open","sticky":false,"template":"","format":"standard","meta":{"_lmt_disableupdate":"","_lmt_disable":"","_jetpack_memberships_contains_paid_content":false,"footnotes":""},"categories":[109,47],"tags":[1512],"class_list":["post-26521","post","type-post","status-publish","format-standard","has-post-thumbnail","hentry","category-minuto-a-minuto","category-zona-gris","tag-coronavirus-oaxaca"],"jetpack_featured_media_url":"https:\/\/zonaroja.com.mx\/wp-content\/uploads\/2021\/04\/Vacunados-contra-Covid.jpg","jetpack_sharing_enabled":true,"_links":{"self":[{"href":"https:\/\/zonaroja.com.mx\/index.php?rest_route=\/wp\/v2\/posts\/26521","targetHints":{"allow":["GET"]}}],"collection":[{"href":"https:\/\/zonaroja.com.mx\/index.php?rest_route=\/wp\/v2\/posts"}],"about":[{"href":"https:\/\/zonaroja.com.mx\/index.php?rest_route=\/wp\/v2\/types\/post"}],"author":[{"embeddable":true,"href":"https:\/\/zonaroja.com.mx\/index.php?rest_route=\/wp\/v2\/users\/2"}],"replies":[{"embeddable":true,"href":"https:\/\/zonaroja.com.mx\/index.php?rest_route=%2Fwp%2Fv2%2Fcomments&post=26521"}],"version-history":[{"count":1,"href":"https:\/\/zonaroja.com.mx\/index.php?rest_route=\/wp\/v2\/posts\/26521\/revisions"}],"predecessor-version":[{"id":26523,"href":"https:\/\/zonaroja.com.mx\/index.php?rest_route=\/wp\/v2\/posts\/26521\/revisions\/26523"}],"wp:featuredmedia":[{"embeddable":true,"href":"https:\/\/zonaroja.com.mx\/index.php?rest_route=\/wp\/v2\/media\/26522"}],"wp:attachment":[{"href":"https:\/\/zonaroja.com.mx\/index.php?rest_route=%2Fwp%2Fv2%2Fmedia&parent=26521"}],"wp:term":[{"taxonomy":"category","embeddable":true,"href":"https:\/\/zonaroja.com.mx\/index.php?rest_route=%2Fwp%2Fv2%2Fcategories&post=26521"},{"taxonomy":"post_tag","embeddable":true,"href":"https:\/\/zonaroja.com.mx\/index.php?rest_route=%2Fwp%2Fv2%2Ftags&post=26521"}],"curies":[{"name":"wp","href":"https:\/\/api.w.org\/{rel}","templated":true}]}}