{"id":26524,"date":"2021-04-27T15:35:22","date_gmt":"2021-04-27T20:35:22","guid":{"rendered":"http:\/\/www.zonaroja.com.mx\/?p=26524"},"modified":"2021-04-27T15:35:28","modified_gmt":"2021-04-27T20:35:28","slug":"mezcaleros-exigen-elecciones-para-renovar-consejo-acusan-a-hipocrates-nolasco-de-abusos","status":"publish","type":"post","link":"https:\/\/zonaroja.com.mx\/?p=26524","title":{"rendered":"Mezcaleros exigen elecciones para renovar consejo; acusan a Hip\u00f3crates Nolasco de abusos"},"content":{"rendered":"\n<p>Yuridiana Sosa\/Zona Roja.<\/p>\n\n\n\n<p>Oaxaca de Ju\u00e1rez, Oax., 27 de abril de 2021.- Productores de mezcal y maguey de Oaxaca demandaron la realizaci\u00f3n de la asamblea del Consejo Mexicano Regulador de la Calidad del Mezcal (Comercam) a fin de renovar la directiva del organismo.<\/p>\n\n\n\n<p>En conferencia de prensa, denunciaron hartazgo del monopolio de Hip\u00f3crates Nolasco, quien ha logrado, contra la voluntad de la mayor\u00eda, prolongar su gesti\u00f3n al frente del Consejo Regular de tres a nueve a\u00f1os, en lo que no ha rendido cuentas claras de varios millones de pesos.<\/p>\n\n\n\n<p>En la sede de la Asociaci\u00f3n de Periodistas de Oaxaca (APO), una representaci\u00f3n de los productores anunci\u00f3 que entregaron a las autoridades del mezcal un oficio con el respaldo de 700 mezcaleros que exigen la renovaci\u00f3n por medio de un aut\u00e9ntico ejercicio democr\u00e1tico.<\/p>\n\n\n\n<figure class=\"wp-block-embed-twitter wp-block-embed is-type-rich is-provider-twitter\"><div class=\"wp-block-embed__wrapper\">\n<div class=\"twitter-tweet\"><blockquote class=\"twitter-tweet\" data-lang=\"es\"><p lang=\"es\" dir=\"ltr\"><a href=\"https:\/\/twitter.com\/hashtag\/%C3%9AltimoMinuto?src=hash&amp;ref_src=twsrc%5Etfw\">#\u00daltimoMinuto<\/a> <br>1. Los aut\u00e9nticos productores de mezcal de Oaxaca exigen elecciones en el Consejo Mexicano Regulador de la Calidad del Mezcal; <a href=\"https:\/\/twitter.com\/Hipocrates_NC?ref_src=twsrc%5Etfw\">@Hipocrates_NC<\/a> se eterniz\u00f3 en el cargo y lleva nueve a\u00f1os, sin rendir cuentas, se\u00f1alan. <a href=\"https:\/\/t.co\/XUjJuJS2pM\">pic.twitter.com\/XUjJuJS2pM<\/a><\/p>&mdash; Zona Roja Oaxaca (@Zona_Roja_Oax) <a href=\"https:\/\/twitter.com\/Zona_Roja_Oax\/status\/1387092047971106818?ref_src=twsrc%5Etfw\">27 de abril de 2021<\/a><\/blockquote><\/div>\n<\/div><\/figure>\n\n\n\n<p>Los productores indicaron que el Consejo Regulador del Mezcal convoc\u00f3 a elecciones, pero dudan de su legalidad, pues adem\u00e1s que han tenido conocimiento que la invitaci\u00f3n no es general, consideran que en este proceso se buscar\u00e1 mantener a Hip\u00f3crates Nolasco al frente para el periodo 2021-2024.<\/p>\n\n\n\n<p>Nicol\u00e1s Cruz Garc\u00eda, productor y autoridad en San Dionisio Ocotepec, se\u00f1al\u00f3 que los mezcaleros han perdido la confianza en Hip\u00f3crates Nolasco, pues durante los \u00faltimos a\u00f1os no ha rendido cuentas claras.<\/p>\n\n\n\n<figure class=\"wp-block-embed-twitter wp-block-embed is-type-rich is-provider-twitter\"><div class=\"wp-block-embed__wrapper\">\n<div class=\"twitter-tweet\"><blockquote class=\"twitter-tweet\" data-lang=\"es\"><p lang=\"es\" dir=\"ltr\"><a href=\"https:\/\/twitter.com\/hashtag\/%C3%9AltimoMinuto?src=hash&amp;ref_src=twsrc%5Etfw\">#\u00daltimoMinuto<\/a> <br>2. As\u00ed le reclaman a <a href=\"https:\/\/twitter.com\/Hipocrates_NC?ref_src=twsrc%5Etfw\">@Hipocrates_NC<\/a> el desd\u00e9n hacia su suplente en el Consejo Mexicano Regulador de la Calidad del Mezcal. <br>Le advierten que su tiempo se acab\u00f3 y no podr\u00e1 reelegirse por cuatro per\u00edodo; ya hay candidato a suplirlo. <a href=\"https:\/\/t.co\/N5Ad7ESKBM\">pic.twitter.com\/N5Ad7ESKBM<\/a><\/p>&mdash; Zona Roja Oaxaca (@Zona_Roja_Oax) <a href=\"https:\/\/twitter.com\/Zona_Roja_Oax\/status\/1387095173625167873?ref_src=twsrc%5Etfw\">27 de abril de 2021<\/a><\/blockquote><\/div>\n<\/div><\/figure>\n\n\n\n<p>Ana\u00ed Nava dijo a nombre de los 700 mezcaleros que quieren elecci\u00f3n que el empresario s\u00f3lo ha obtenido beneficios personales del Consejo Regulador del Mezcal por medio del trabajo y esfuerzo de los campesinos.<\/p>\n\n\n\n<p>Esta no es la primera vez que los productores de mezcal y maguey denuncian inconformidad por la gesti\u00f3n de su representante, quien se encuentra al frente del Consejo desde el 2012.<\/p>\n\n\n\n<figure class=\"wp-block-embed-twitter wp-block-embed is-type-rich is-provider-twitter\"><div class=\"wp-block-embed__wrapper\">\n<div class=\"twitter-tweet\"><blockquote class=\"twitter-tweet\" data-lang=\"es\"><p lang=\"es\" dir=\"ltr\"><a href=\"https:\/\/twitter.com\/hashtag\/ENVIVO?src=hash&amp;ref_src=twsrc%5Etfw\">#ENVIVO<\/a> <br>Oaxaca de Ju\u00e1rez, Oax., 27 de de abril de 2021.- Conferencia de prensa de mezcaleros del estado de Oaxaca. Exigen elecciones en el Consejo Regulador de la Calidad del Mezcal. <br>Siga la transmisi\u00f3n:<br>\ud83d\udc47<a href=\"https:\/\/t.co\/7IGdBZ8g2b\">https:\/\/t.co\/7IGdBZ8g2b<\/a> <a href=\"https:\/\/t.co\/G2eAY2TiGH\">pic.twitter.com\/G2eAY2TiGH<\/a><\/p>&mdash; Zona Roja Oaxaca (@Zona_Roja_Oax) <a href=\"https:\/\/twitter.com\/Zona_Roja_Oax\/status\/1387082249951186951?ref_src=twsrc%5Etfw\">27 de abril de 2021<\/a><\/blockquote><\/div>\n<\/div><\/figure>\n","protected":false},"excerpt":{"rendered":"<p>Yuridiana Sosa\/Zona Roja. Oaxaca de Ju\u00e1rez, Oax., 27 de abril de 2021.- Productores de mezcal&hellip;<\/p>\n","protected":false},"author":2,"featured_media":26525,"comment_status":"closed","ping_status":"open","sticky":false,"template":"","format":"standard","meta":{"_lmt_disableupdate":"","_lmt_disable":"","_jetpack_memberships_contains_paid_content":false,"footnotes":""},"categories":[109,46],"tags":[1815],"class_list":["post-26524","post","type-post","status-publish","format-standard","has-post-thumbnail","hentry","category-minuto-a-minuto","category-zona-blanca","tag-consejo-regulador-del-mezcal"],"jetpack_featured_media_url":"https:\/\/zonaroja.com.mx\/wp-content\/uploads\/2021\/04\/Conferencia-de-prensa-mezcaleros.jpg","jetpack_sharing_enabled":true,"_links":{"self":[{"href":"https:\/\/zonaroja.com.mx\/index.php?rest_route=\/wp\/v2\/posts\/26524","targetHints":{"allow":["GET"]}}],"collection":[{"href":"https:\/\/zonaroja.com.mx\/index.php?rest_route=\/wp\/v2\/posts"}],"about":[{"href":"https:\/\/zonaroja.com.mx\/index.php?rest_route=\/wp\/v2\/types\/post"}],"author":[{"embeddable":true,"href":"https:\/\/zonaroja.com.mx\/index.php?rest_route=\/wp\/v2\/users\/2"}],"replies":[{"embeddable":true,"href":"https:\/\/zonaroja.com.mx\/index.php?rest_route=%2Fwp%2Fv2%2Fcomments&post=26524"}],"version-history":[{"count":1,"href":"https:\/\/zonaroja.com.mx\/index.php?rest_route=\/wp\/v2\/posts\/26524\/revisions"}],"predecessor-version":[{"id":26526,"href":"https:\/\/zonaroja.com.mx\/index.php?rest_route=\/wp\/v2\/posts\/26524\/revisions\/26526"}],"wp:featuredmedia":[{"embeddable":true,"href":"https:\/\/zonaroja.com.mx\/index.php?rest_route=\/wp\/v2\/media\/26525"}],"wp:attachment":[{"href":"https:\/\/zonaroja.com.mx\/index.php?rest_route=%2Fwp%2Fv2%2Fmedia&parent=26524"}],"wp:term":[{"taxonomy":"category","embeddable":true,"href":"https:\/\/zonaroja.com.mx\/index.php?rest_route=%2Fwp%2Fv2%2Fcategories&post=26524"},{"taxonomy":"post_tag","embeddable":true,"href":"https:\/\/zonaroja.com.mx\/index.php?rest_route=%2Fwp%2Fv2%2Ftags&post=26524"}],"curies":[{"name":"wp","href":"https:\/\/api.w.org\/{rel}","templated":true}]}}