{"id":26527,"date":"2021-04-27T18:56:24","date_gmt":"2021-04-27T23:56:24","guid":{"rendered":"http:\/\/www.zonaroja.com.mx\/?p=26527"},"modified":"2021-04-27T18:56:27","modified_gmt":"2021-04-27T23:56:27","slug":"adios-al-paraiso-de-puerto-escondido-suman-cinco-dias-de-bloqueo","status":"publish","type":"post","link":"https:\/\/zonaroja.com.mx\/?p=26527","title":{"rendered":"Adi\u00f3s al para\u00edso de Puerto Escondido: suman cinco d\u00edas de bloqueo"},"content":{"rendered":"\n<p>Evlin Arag\u00f3n\/Zona Roja.<\/p>\n\n\n\n<p>Oaxaca de Ju\u00e1rez, Oax., 27 de abril de 2021.- El conflicto entre Santa Mar\u00eda Colotepec y San Pedro Mixtepec no es nuevo.<\/p>\n\n\n\n<p>Data de hace m\u00e1s de 30 a\u00f1os, ya que ambos municipios se disputan m\u00e1s de mil 300 hect\u00e1reas de tierra, que incluyen el segundo destino tur\u00edstico de playa m\u00e1s importantes en la entidad oaxaque\u00f1a, Puerto Escondido.&nbsp;<\/p>\n\n\n\n<p>En febrero del 2017, un enfrentamiento entre ambas comunidades dej\u00f3 como saldo una persona fallecida y seis m\u00e1s heridas; los hechos quedaron registrados en un video que r\u00e1pidamente se hizo viral a trav\u00e9s de las redes sociales.&nbsp;&nbsp;<\/p>\n\n\n\n<p>Lo anterior dio como resultado que, tres d\u00edas despu\u00e9s, se firmara un acuerdo de paz entre ambas comunidades, representadas por Valent\u00edn Hern\u00e1ndez y Fredy Gil Pineda Gopar, cuyo testigo de honor fue el gobernador Alejandro Murat Hinojosa.<\/p>\n\n\n\n<p>De poco ha servido el acuerdo ya que, en agosto del 2019, habitantes y autoridades de Santa Mar\u00eda Colotepec protestaron por la destrucci\u00f3n de dos estatuas colocadas en la zona de disputa territorial con San Pedro Mixtepec en Puerto Escondido.<\/p>\n\n\n\n<p>Ante la alta conflictividad reportada, el entonces titular de la Secretar\u00eda General de Gobierno H\u00e9ctor Anuar Mafud cit\u00f3 a las autoridades municipales en la ciudad de Oaxaca, a fin de dirimir sus diferencias.<\/p>\n\n\n\n<p>Lo anterior de nueva cuenta fue moment\u00e1neo ya que, en octubre del 2020 en medio de la pandemia, autoridades de ambos municipios se disputaban incluso la aplicaci\u00f3n de medidas sanitarias para evitar el contagio de Covid-19, mientas Colotepec impulsaba acciones emergentes, Mixtepec las rechazaba, argumentando que la zona de Puerto Escondido est\u00e1 en litigio.&nbsp;<\/p>\n\n\n\n<p>LA RESOLUCI\u00d3N<\/p>\n\n\n\n<p>Y es que, en 2018 se inici\u00f3 una Controversia Constitucional de car\u00e1cter lim\u00edtrofe contra el municipio de Santa Mar\u00eda Colotepec, ante la Sala Constitucional del Tribunal Superior de Justicia de Oaxaca (TSJO), la cual concedi\u00f3 a favor de San Pedro Mixtepec, Juquila, la suspensi\u00f3n de los actos reclamados, medidas cautelares que deber\u00e1n de ser cumplidas por las autoridades demandadas.<\/p>\n\n\n\n<p>Ello imposibilit\u00f3 a las autoridades municipales de Colotepec a realizar actos en las mil 329.52 hect\u00e1reas que conforman la agencia municipal de Puerto Escondido, incluidos los sectores: Ju\u00e1rez, Reforma, Hidalgo y en las colonias L\u00e1zaro C\u00e1rdenas, Marinero, Libertad, Los Tamarindos, Santa Mar\u00eda, El Porvenir, Emiliano Zapata, Brisas de Zicatela, Lomas de Puerto Escondido y El Adoqu\u00edn.<\/p>\n\n\n\n<p>Dicha resoluci\u00f3n ha sido rechazada por Colotepec, cuyo edil, Carmelo Cruz Mendoza convoc\u00f3, la semana pasada, a comuneros y pobladores a realizar una serie de bloqueos carreteros para exigir un cambio en la resoluci\u00f3n el TSJO, mismos que han afectado incluso a las y los turistas que de manera cotidiana arriban a la zona.\u00a0<\/p>\n\n\n\n<figure class=\"wp-block-embed-twitter wp-block-embed is-type-rich is-provider-twitter\"><div class=\"wp-block-embed__wrapper\">\n<div class=\"twitter-tweet\"><blockquote class=\"twitter-tweet\" data-lang=\"es\"><p lang=\"es\" dir=\"ltr\"><a href=\"https:\/\/twitter.com\/hashtag\/%C3%9AltimoMinuto?src=hash&amp;ref_src=twsrc%5Etfw\">#\u00daltimoMinuto<\/a> <br>Ante abulia del titular de la <a href=\"https:\/\/twitter.com\/SEGEGO_GobOax?ref_src=twsrc%5Etfw\">@SEGEGO_GobOax<\/a>, <a href=\"https:\/\/twitter.com\/PacoPiza9?ref_src=twsrc%5Etfw\">@PacoPiza9<\/a> y a cinco d\u00edas del bloqueo al destino tur\u00edstico de Puerto Escondido, el gobernador <a href=\"https:\/\/twitter.com\/alejandromurat?ref_src=twsrc%5Etfw\">@alejandromurat<\/a> llega a Santa Mar\u00eda Colotepec a atender personalmente la queja. <a href=\"https:\/\/t.co\/BZjBJ98PrR\">pic.twitter.com\/BZjBJ98PrR<\/a><\/p>&mdash; Zona Roja Oaxaca (@Zona_Roja_Oax) <a href=\"https:\/\/twitter.com\/Zona_Roja_Oax\/status\/1387187439710744578?ref_src=twsrc%5Etfw\">27 de abril de 2021<\/a><\/blockquote><\/div>\n<\/div><\/figure>\n\n\n\n<p>En reiteradas ocasiones, desde el viernes en que iniciaron bloqueos a vialidades, han demandado la intervenci\u00f3n de las autoridades federales y estatales para que no se consuma el despojo; a pesar de que al momento no hay ninguna resoluci\u00f3n oficial.<\/p>\n\n\n\n<p>Al respecto, las propias autoridades San Pedro Mixtepec han emitido un comunicado en el que refieren que la resoluci\u00f3n mencionada a\u00fan no se encuentra en periodo de pruebas, por lo tanto, acusaron al edil de Colotepec de mentirle al pueblo, tratar de provocar un enfrentamiento y utiliza el conflicto anejo con fines electorales.&nbsp;<\/p>\n\n\n\n<p>\u201cDicho problema de l\u00edmites, lo est\u00e1 utilizando como bandera para posicionar a su candidato a presidente de Bienes Comunales de dicha comunidad\u201d, refiere el comunicado firmado por Oscar Enrique Bautista Silva, encargado de despacho de la presidencia y todo el Cabildo.&nbsp;<\/p>\n\n\n\n<p>As\u00ed mismo, indicaron que la Controversia Constitucional se est\u00e1 llevando a cabo en tiempo y forma, y que incluso han sido las autoridades de Santa Mar\u00eda Colotepec quienes cancelaron una audiencia virtual que ten\u00edan con los magistrados, programada el d\u00eda 23 de abril, d\u00eda que iniciaron el su plant\u00f3n como medida de presi\u00f3n a las autoridades estatales que no tiene injerencia en la soluci\u00f3n.<\/p>\n\n\n\n<p>Por ello reiteraron que Carmelo Cruz busca politizar un asunto de orden judicial y confundir a la sociedad.&nbsp;<\/p>\n\n\n\n<p>Hasta el momento, la Secretar\u00eda General de Gobierno, a cargo de Francisco Garc\u00eda L\u00f3pez, no ha emitido informaci\u00f3n ni pronunciamiento al respecto, luego de cinco d\u00edas de sitio a Puerto Escondido.<\/p>\n\n\n\n<p>Tuvo que ser el gobernador Alejandro Murat quien acudiera esta tarde a uno de los bloqueos instalados por Colotepec, sobre la carretera federal 200, para conocer personalmente sus inconformidades.<\/p>\n","protected":false},"excerpt":{"rendered":"<p>Evlin Arag\u00f3n\/Zona Roja. Oaxaca de Ju\u00e1rez, Oax., 27 de abril de 2021.- El conflicto entre&hellip;<\/p>\n","protected":false},"author":2,"featured_media":26443,"comment_status":"closed","ping_status":"open","sticky":false,"template":"","format":"standard","meta":{"_lmt_disableupdate":"","_lmt_disable":"","_jetpack_memberships_contains_paid_content":false,"footnotes":""},"categories":[109,47],"tags":[980],"class_list":["post-26527","post","type-post","status-publish","format-standard","has-post-thumbnail","hentry","category-minuto-a-minuto","category-zona-gris","tag-santa-maria-colotepec"],"jetpack_featured_media_url":"https:\/\/zonaroja.com.mx\/wp-content\/uploads\/2021\/04\/Santa-Maria-Colotepec-bloqueo-1.jpg","jetpack_sharing_enabled":true,"_links":{"self":[{"href":"https:\/\/zonaroja.com.mx\/index.php?rest_route=\/wp\/v2\/posts\/26527","targetHints":{"allow":["GET"]}}],"collection":[{"href":"https:\/\/zonaroja.com.mx\/index.php?rest_route=\/wp\/v2\/posts"}],"about":[{"href":"https:\/\/zonaroja.com.mx\/index.php?rest_route=\/wp\/v2\/types\/post"}],"author":[{"embeddable":true,"href":"https:\/\/zonaroja.com.mx\/index.php?rest_route=\/wp\/v2\/users\/2"}],"replies":[{"embeddable":true,"href":"https:\/\/zonaroja.com.mx\/index.php?rest_route=%2Fwp%2Fv2%2Fcomments&post=26527"}],"version-history":[{"count":2,"href":"https:\/\/zonaroja.com.mx\/index.php?rest_route=\/wp\/v2\/posts\/26527\/revisions"}],"predecessor-version":[{"id":28775,"href":"https:\/\/zonaroja.com.mx\/index.php?rest_route=\/wp\/v2\/posts\/26527\/revisions\/28775"}],"wp:featuredmedia":[{"embeddable":true,"href":"https:\/\/zonaroja.com.mx\/index.php?rest_route=\/wp\/v2\/media\/26443"}],"wp:attachment":[{"href":"https:\/\/zonaroja.com.mx\/index.php?rest_route=%2Fwp%2Fv2%2Fmedia&parent=26527"}],"wp:term":[{"taxonomy":"category","embeddable":true,"href":"https:\/\/zonaroja.com.mx\/index.php?rest_route=%2Fwp%2Fv2%2Fcategories&post=26527"},{"taxonomy":"post_tag","embeddable":true,"href":"https:\/\/zonaroja.com.mx\/index.php?rest_route=%2Fwp%2Fv2%2Ftags&post=26527"}],"curies":[{"name":"wp","href":"https:\/\/api.w.org\/{rel}","templated":true}]}}