{"id":26529,"date":"2021-04-27T20:30:25","date_gmt":"2021-04-28T01:30:25","guid":{"rendered":"http:\/\/www.zonaroja.com.mx\/?p=26529"},"modified":"2021-04-27T20:30:28","modified_gmt":"2021-04-28T01:30:28","slug":"vacunaran-a-3600-docentes-uabjo-rector-y-subsecretario-de-la-sep-supervisan","status":"publish","type":"post","link":"https:\/\/zonaroja.com.mx\/?p=26529","title":{"rendered":"Vacunar\u00e1n a 3,600 docentes UABJO; rector y subsecretario de la SEP supervisan"},"content":{"rendered":"\n<p>Yuridiana Sosa\/Zona Roja.<\/p>\n\n\n\n<p>Oaxaca de Ju\u00e1rez, Oax., 27 de abril de 2021.- A invitaci\u00f3n del rector Eduardo Bautista Mart\u00ednez, el subsecretario de Educaci\u00f3n Superior de la SEP, Francisco Luciano Concheiro, recorri\u00f3 la sede de vacunaci\u00f3n contra el Covid-19 en la Universidad Aut\u00f3noma \u201cBenito Ju\u00e1rez\u201d de Oaxaca.<\/p>\n\n\n\n<p>Acompa\u00f1ados de integrantes de la Comisi\u00f3n T\u00e9cnica de Medidas de Salud, as\u00ed como personal de enfermer\u00eda, voluntarios, del sector Salud y de la Delegaci\u00f3n Bienestar, supervisaron la log\u00edstica, para vacunar al personal del sector educativo, entre ellos a unos tres mil 600 docentes de la m\u00e1xima casa de estudios.<\/p>\n\n\n\n<p>Bautista Mart\u00ednez se\u00f1al\u00f3 que revisaron detalles de espacio, en la Escuela Preparatoria n\u00famero 7, que fue elegida como sede de la jornada de vacunaci\u00f3n contra la Covid-19 para jornada que iniciar\u00e1 este 28 de abril.<\/p>\n\n\n\n<p>As\u00ed tambi\u00e9n, en el transcurso de esta tarde, la Universidad comunic\u00f3 a su comunidad docente y administrativa en activo, sobre el calendario para que asistan de forma ordenada asistan a recibir el inmunol\u00f3gico CanSino, de una sola dosis.<\/p>\n\n\n\n<p>El personal de la UABJO est\u00e1 citado para acudir a partir del 30 de abril al 1 de mayo.<\/p>\n\n\n\n<p>Para su asistencia se pide el uso correcto del cubrebocas, mantener la sana distancia, evitar aglomeraciones y asistir en los horarios establecidos.<\/p>\n\n\n\n<p>En las jornadas anteriores de vacunaci\u00f3n, para los adultos mayores, la UABJO tambi\u00e9n ha sido sede de puntos de aplicaci\u00f3n del biol\u00f3gico, con la disposici\u00f3n de al menos tres inmuebles.<\/p>\n","protected":false},"excerpt":{"rendered":"<p>Yuridiana Sosa\/Zona Roja. Oaxaca de Ju\u00e1rez, Oax., 27 de abril de 2021.- A invitaci\u00f3n del&hellip;<\/p>\n","protected":false},"author":2,"featured_media":26530,"comment_status":"closed","ping_status":"open","sticky":false,"template":"","format":"standard","meta":{"_lmt_disableupdate":"","_lmt_disable":"","_jetpack_memberships_contains_paid_content":false,"footnotes":""},"categories":[109,46],"tags":[282],"class_list":["post-26529","post","type-post","status-publish","format-standard","has-post-thumbnail","hentry","category-minuto-a-minuto","category-zona-blanca","tag-universidad-autonoma-benito-juarez-de-oaxaca"],"jetpack_featured_media_url":"https:\/\/zonaroja.com.mx\/wp-content\/uploads\/2021\/04\/Rector-Eduardo-Bautista-y-Concheiro.jpg","jetpack_sharing_enabled":true,"_links":{"self":[{"href":"https:\/\/zonaroja.com.mx\/index.php?rest_route=\/wp\/v2\/posts\/26529","targetHints":{"allow":["GET"]}}],"collection":[{"href":"https:\/\/zonaroja.com.mx\/index.php?rest_route=\/wp\/v2\/posts"}],"about":[{"href":"https:\/\/zonaroja.com.mx\/index.php?rest_route=\/wp\/v2\/types\/post"}],"author":[{"embeddable":true,"href":"https:\/\/zonaroja.com.mx\/index.php?rest_route=\/wp\/v2\/users\/2"}],"replies":[{"embeddable":true,"href":"https:\/\/zonaroja.com.mx\/index.php?rest_route=%2Fwp%2Fv2%2Fcomments&post=26529"}],"version-history":[{"count":1,"href":"https:\/\/zonaroja.com.mx\/index.php?rest_route=\/wp\/v2\/posts\/26529\/revisions"}],"predecessor-version":[{"id":26531,"href":"https:\/\/zonaroja.com.mx\/index.php?rest_route=\/wp\/v2\/posts\/26529\/revisions\/26531"}],"wp:featuredmedia":[{"embeddable":true,"href":"https:\/\/zonaroja.com.mx\/index.php?rest_route=\/wp\/v2\/media\/26530"}],"wp:attachment":[{"href":"https:\/\/zonaroja.com.mx\/index.php?rest_route=%2Fwp%2Fv2%2Fmedia&parent=26529"}],"wp:term":[{"taxonomy":"category","embeddable":true,"href":"https:\/\/zonaroja.com.mx\/index.php?rest_route=%2Fwp%2Fv2%2Fcategories&post=26529"},{"taxonomy":"post_tag","embeddable":true,"href":"https:\/\/zonaroja.com.mx\/index.php?rest_route=%2Fwp%2Fv2%2Ftags&post=26529"}],"curies":[{"name":"wp","href":"https:\/\/api.w.org\/{rel}","templated":true}]}}