{"id":26533,"date":"2021-04-27T21:22:03","date_gmt":"2021-04-28T02:22:03","guid":{"rendered":"http:\/\/www.zonaroja.com.mx\/?p=26533"},"modified":"2021-04-27T21:22:06","modified_gmt":"2021-04-28T02:22:06","slug":"congreso-alista-designacion-de-alejandro-magno-y-erika-rodriguez-como-nuevos-magistrados","status":"publish","type":"post","link":"https:\/\/zonaroja.com.mx\/?p=26533","title":{"rendered":"Congreso alista designaci\u00f3n de Alejandro Magno y Erika Rodr\u00edguez como nuevos magistrados"},"content":{"rendered":"\n<p>Yuridiana Sosa\/Zona Roja.<\/p>\n\n\n\n<p>Oaxaca de Ju\u00e1rez, Oax., 27 de abril de 2021.- La Comisi\u00f3n Permanente de Administraci\u00f3n y Procuraci\u00f3n de Justicia emiti\u00f3 su dictamen a favor de Alejandro Magno Gonz\u00e1lez Antonio y Erika Mar\u00eda Rodr\u00edguez Rodr\u00edguez como magistrados del Tribunal Superior de Justicia en Oaxaca.<\/p>\n\n\n\n<p>A poco m\u00e1s de dos semanas de recibir las dos ternas por parte del gobernador Alejandro Murat Hinojosa, para cubrir dos vacantes en el Poder Judicial, el Congreso de Oaxaca votar\u00e1 en sesi\u00f3n ordinaria del pleno, de que se reanude el periodo, a los nuevos magistrados, que estar\u00e1n en funciones por ocho a\u00f1os.<\/p>\n\n\n\n<p>El pasado 20 de abril, en sesi\u00f3n extraordinaria de la Comisi\u00f3n Permanente de Administraci\u00f3n y Procuraci\u00f3n de Justicia comparecieron los integrantes de la terna bajo el oficio GEO\/014\/2021, en la que se incluye a Alejandro Magno Gonz\u00e1lez, para quien declinaron a favor los integrantes de dicha comisi\u00f3n encabezada por Elisa Zepeda.<\/p>\n\n\n\n<p>En el curr\u00edculum de Gonz\u00e1lez Antonio se encuentra haber fungido el cargo de Vicefiscal General Zona Centro de la Fiscal\u00eda General del Estado, participaci\u00f3n en implementaci\u00f3n del sistema procesal penal acusatorio de la Procuradur\u00eda General de la Rep\u00fablica y subprocuradur\u00eda jur\u00eddica.<\/p>\n\n\n\n<p>En el Poder Judicial de Oaxaca fue secretario judicial; magistrado suplente y entre otros cargos ha sido titular del \u00f3rgano implementador del sistema acusatorio en el estado de Oaxaca.<\/p>\n\n\n\n<p>En respuesta a la terna de oficio GEO\/015\/2021, Erika Mar\u00eda Rodr\u00edguez Rodr\u00edguez es la propuesta como elegida bajo el mismo procedimiento.<\/p>\n\n\n\n<p>Ella ha tenido cargos como Jueza de Control y Enjuiciamiento adscrita al Circuito Judicial de Valles Centrales, sede Tanivet, Tlacolula, en el Tribunal Superior de Justicia en Oaxaca.<\/p>\n","protected":false},"excerpt":{"rendered":"<p>Yuridiana Sosa\/Zona Roja. Oaxaca de Ju\u00e1rez, Oax., 27 de abril de 2021.- La Comisi\u00f3n Permanente&hellip;<\/p>\n","protected":false},"author":2,"featured_media":26534,"comment_status":"closed","ping_status":"open","sticky":false,"template":"","format":"standard","meta":{"_lmt_disableupdate":"","_lmt_disable":"","_jetpack_memberships_contains_paid_content":false,"footnotes":""},"categories":[109,46],"tags":[213],"class_list":["post-26533","post","type-post","status-publish","format-standard","has-post-thumbnail","hentry","category-minuto-a-minuto","category-zona-blanca","tag-64-legislatura-de-oaxaca"],"jetpack_featured_media_url":"https:\/\/zonaroja.com.mx\/wp-content\/uploads\/2021\/04\/Magistrados-propuestos.jpg","jetpack_sharing_enabled":true,"_links":{"self":[{"href":"https:\/\/zonaroja.com.mx\/index.php?rest_route=\/wp\/v2\/posts\/26533","targetHints":{"allow":["GET"]}}],"collection":[{"href":"https:\/\/zonaroja.com.mx\/index.php?rest_route=\/wp\/v2\/posts"}],"about":[{"href":"https:\/\/zonaroja.com.mx\/index.php?rest_route=\/wp\/v2\/types\/post"}],"author":[{"embeddable":true,"href":"https:\/\/zonaroja.com.mx\/index.php?rest_route=\/wp\/v2\/users\/2"}],"replies":[{"embeddable":true,"href":"https:\/\/zonaroja.com.mx\/index.php?rest_route=%2Fwp%2Fv2%2Fcomments&post=26533"}],"version-history":[{"count":1,"href":"https:\/\/zonaroja.com.mx\/index.php?rest_route=\/wp\/v2\/posts\/26533\/revisions"}],"predecessor-version":[{"id":26535,"href":"https:\/\/zonaroja.com.mx\/index.php?rest_route=\/wp\/v2\/posts\/26533\/revisions\/26535"}],"wp:featuredmedia":[{"embeddable":true,"href":"https:\/\/zonaroja.com.mx\/index.php?rest_route=\/wp\/v2\/media\/26534"}],"wp:attachment":[{"href":"https:\/\/zonaroja.com.mx\/index.php?rest_route=%2Fwp%2Fv2%2Fmedia&parent=26533"}],"wp:term":[{"taxonomy":"category","embeddable":true,"href":"https:\/\/zonaroja.com.mx\/index.php?rest_route=%2Fwp%2Fv2%2Fcategories&post=26533"},{"taxonomy":"post_tag","embeddable":true,"href":"https:\/\/zonaroja.com.mx\/index.php?rest_route=%2Fwp%2Fv2%2Ftags&post=26533"}],"curies":[{"name":"wp","href":"https:\/\/api.w.org\/{rel}","templated":true}]}}