{"id":26542,"date":"2021-04-28T07:50:22","date_gmt":"2021-04-28T12:50:22","guid":{"rendered":"http:\/\/www.zonaroja.com.mx\/?p=26542"},"modified":"2021-04-28T07:50:26","modified_gmt":"2021-04-28T12:50:26","slug":"en-menos-de-12-horas-asesinan-a-dos-individuos-en-pinotepa-oaxaca","status":"publish","type":"post","link":"https:\/\/zonaroja.com.mx\/?p=26542","title":{"rendered":"En menos de 12 horas, asesinan a dos individuos en Pinotepa, Oaxaca"},"content":{"rendered":"\n<p>Ismael Garc\u00eda M.\/Zona Roja. Foto: Cortes\u00eda<\/p>\n\n\n\n<p>Oaxaca de Ju\u00e1rez, Oax., 28 de abril de 2021.- En menos de 12 horas, dos personas fueron asesinadas y una mujer lesionada, por disparos de arma de fuego, en Pinotepa Nacional, municipio de la zona de la Costa chica de Oaxaca.<\/p>\n\n\n\n<p>El primer crimen ocurri\u00f3 la ma\u00f1ana de ayer martes en la calle 25 Sur y avenida Venustiano Carranza, de la colonia 20 de Noviembre.<\/p>\n\n\n\n<p>Ah\u00ed sujetos armados dispararon en contra Carlos Ren\u00e9 C. H., de aproximadamente 48 a\u00f1os de edad, con domicilio en el Barrio Pante\u00f3n Viejo; de los probables criminales, no hay ninguna pista.<\/p>\n\n\n\n<p>Un segundo crimen se registr\u00f3 alrededor de las 22:30 horas de este martes en una taquer\u00eda sobre el bulevar principal de dicha ciudad, carretera costera, la altura del Barrio del Puente<\/p>\n\n\n\n<p>Sujetos armados arribaron al establecimiento y dispararon de manera directa en contra de un joven, identificado como Carlos Daniel V. L. de 23 a\u00f1os de edad, tras lo cual huyeron. Una mujer result\u00f3 lesionada y trasladada a un hospital.<\/p>\n\n\n\n<p>UN AHOGADO<\/p>\n\n\n\n<p>Por otra parte, otra persona muri\u00f3 ahogada y su cuerpo rescatado en las primeras horas de ayer, en el municipio de San Felipe Tejal\u00e1pam, del distrito de Etla.<\/p>\n\n\n\n<p>Fue en la presa \u201cEl Burro\u201d en que elementos del Cuerpo de Bomberos rescataron el cuerpo de un adolescente de 14 a\u00f1os de edad, H\u00e9ctor M. R., quien el d\u00eda lunes por la tarde ingres\u00f3 a nadar pero qued\u00f3 atorado en el fango.<\/p>\n","protected":false},"excerpt":{"rendered":"<p>Ismael Garc\u00eda M.\/Zona Roja. Foto: Cortes\u00eda Oaxaca de Ju\u00e1rez, Oax., 28 de abril de 2021.-&hellip;<\/p>\n","protected":false},"author":2,"featured_media":26543,"comment_status":"closed","ping_status":"open","sticky":false,"template":"","format":"standard","meta":{"_lmt_disableupdate":"","_lmt_disable":"","_jetpack_memberships_contains_paid_content":false,"footnotes":""},"categories":[109,51],"tags":[651],"class_list":["post-26542","post","type-post","status-publish","format-standard","has-post-thumbnail","hentry","category-minuto-a-minuto","category-zona-roja","tag-santiago-pinotepa-nacional"],"jetpack_featured_media_url":"https:\/\/zonaroja.com.mx\/wp-content\/uploads\/2021\/04\/ASesinato-Pinotepa-NAcional.jpg","jetpack_sharing_enabled":true,"_links":{"self":[{"href":"https:\/\/zonaroja.com.mx\/index.php?rest_route=\/wp\/v2\/posts\/26542","targetHints":{"allow":["GET"]}}],"collection":[{"href":"https:\/\/zonaroja.com.mx\/index.php?rest_route=\/wp\/v2\/posts"}],"about":[{"href":"https:\/\/zonaroja.com.mx\/index.php?rest_route=\/wp\/v2\/types\/post"}],"author":[{"embeddable":true,"href":"https:\/\/zonaroja.com.mx\/index.php?rest_route=\/wp\/v2\/users\/2"}],"replies":[{"embeddable":true,"href":"https:\/\/zonaroja.com.mx\/index.php?rest_route=%2Fwp%2Fv2%2Fcomments&post=26542"}],"version-history":[{"count":1,"href":"https:\/\/zonaroja.com.mx\/index.php?rest_route=\/wp\/v2\/posts\/26542\/revisions"}],"predecessor-version":[{"id":26544,"href":"https:\/\/zonaroja.com.mx\/index.php?rest_route=\/wp\/v2\/posts\/26542\/revisions\/26544"}],"wp:featuredmedia":[{"embeddable":true,"href":"https:\/\/zonaroja.com.mx\/index.php?rest_route=\/wp\/v2\/media\/26543"}],"wp:attachment":[{"href":"https:\/\/zonaroja.com.mx\/index.php?rest_route=%2Fwp%2Fv2%2Fmedia&parent=26542"}],"wp:term":[{"taxonomy":"category","embeddable":true,"href":"https:\/\/zonaroja.com.mx\/index.php?rest_route=%2Fwp%2Fv2%2Fcategories&post=26542"},{"taxonomy":"post_tag","embeddable":true,"href":"https:\/\/zonaroja.com.mx\/index.php?rest_route=%2Fwp%2Fv2%2Ftags&post=26542"}],"curies":[{"name":"wp","href":"https:\/\/api.w.org\/{rel}","templated":true}]}}