{"id":26548,"date":"2021-04-28T08:10:54","date_gmt":"2021-04-28T13:10:54","guid":{"rendered":"http:\/\/www.zonaroja.com.mx\/?p=26548"},"modified":"2021-04-28T08:10:58","modified_gmt":"2021-04-28T13:10:58","slug":"opinion-aroma-de-farsa","status":"publish","type":"post","link":"https:\/\/zonaroja.com.mx\/?p=26548","title":{"rendered":"Opini\u00f3n. Aroma de farsa"},"content":{"rendered":"\n<p>Gibr\u00e1n Ram\u00edrez Reyes*<\/p>\n\n\n\n<p>No s\u00e9 si estas campa\u00f1as resulten para el p\u00fablico en general tan poco apasionantes como para m\u00ed, si se trata de un estado de \u00e1nimo personal, si alguien m\u00e1s advierte poca autenticidad en muchos de los actores pol\u00edticos, un cierto aroma a farsa.<\/p>\n\n\n\n<p>Pienso que s\u00ed, que por eso las preferencias para la C\u00e1mara de Diputados han permanecido \u2013salvo en Nuevo Le\u00f3n, que es siempre especial\u2014 tan contundentemente iguales, tan poco din\u00e1micas, impermeables a las campa\u00f1as virulentas, a los m\u00edtines encendidos, a la ret\u00f3rica de revitalizaci\u00f3n o asesinato de la rep\u00fablica que tirios y troyanos han querido cada uno por su lado encumbrar, que puebla los diarios y otros medios de comunicaci\u00f3n.<\/p>\n\n\n\n<p>Es posible que, para todos, salvo para el M\u00e9xico de los pol\u00edticos y su ecosistema medi\u00e1tico, se trate solamente de otras elecciones intermedias, esos s\u00ed, las primeras donde el nuevo r\u00e9gimen y su mayor\u00eda se palpan sin la sensaci\u00f3n de ser un momento espectacularmente at\u00edpico.<\/p>\n\n\n\n<p>Por un lado, el INE se envuelve en la bandera de las leyes y en su supuesta autonom\u00eda para poner marca personal al presidente, como si en impedir sus manifestaciones se nos fuera el futuro de la democracia, pero es ciego a las campa\u00f1as de gobernadores como Alfaro o Garc\u00eda Cabeza de Vaca, o a las trampas confesas de otros, como Samuel Garc\u00eda.<\/p>\n\n\n\n<p>Igualmente falsario se ve Mario Delgado al enfrentar esta embestida, aprendiendo a protestar, imitando a L\u00f3pez Obrador y blandiendo su nombre una y otra vez. Se le olvid\u00f3 una estrategia para acreditar gastos de precampa\u00f1a y entonces invoca el nombre de L\u00f3pez Obrador.<\/p>\n\n\n\n<p>Le tiran huevos o se ve orillado a encerrarse en una letrina ante protestas y replica que no le hagan el juego a la oposici\u00f3n, como si la oposici\u00f3n hubiera seleccionado a los candidatos cuestionables de Morena, como si \u00e9sta y no la dirigencia que \u00e9l encabeza hubiera despojado a la militancia.<\/p>\n\n\n\n<p>Habla de un cambio que favorezca a los de abajo, pero promueve la usurpaci\u00f3n de los espacios de acci\u00f3n afirmativa para ind\u00edgenas en todo el pa\u00eds.<\/p>\n\n\n\n<p>Promueve la repetici\u00f3n de todos los diputados federales, sin revisar uno a uno sus perfiles, y despu\u00e9s se erige en defensor de la moral acusando a quienes \u00e9l puso como candidatos ante la Comisi\u00f3n de Honestidad y Justicia, como si no tuviera ning\u00fan conocimiento previo de qui\u00e9nes eran sus candidatos (s\u00ed lo tuvo: se le acerc\u00f3 informaci\u00f3n que siempre desestim\u00f3 como \u201cgrillas o chismes\u201d).<\/p>\n\n\n\n<p>La transformaci\u00f3n y su discurso parecen legitimarlo todo para Delgado sin tener que explicar nada, sin tener que plantear una idea propia, sin dibujar alg\u00fan curso para el futuro o institucionalizaci\u00f3n del partido que dirige usufructuando una enorme fuerza social.<\/p>\n\n\n\n<p>La transformaci\u00f3n lo legitima, incluso, para promover la repetici\u00f3n inopinada de las din\u00e1micas partidistas del viejo r\u00e9gimen \u2013 y para hacerlo impunemente, pues para algunos la cr\u00edtica debe callarse para no favorecer a la oposici\u00f3n.<\/p>\n\n\n\n<p>El nombre de L\u00f3pez Obrador eclipsa cada ineptitud, cada arbitrariedad. La oposici\u00f3n tambi\u00e9n apesta a farsa: la ineptitud lleva siempre a culpar al otro, al de enfrente.<\/p>\n\n\n\n<p>No es la ineptitud de la dirigencia de Delgado, es el INE, es el Tribunal, es la mafia del poder, es el PRIAN (con el que tan gustosamente colabor\u00f3 en los tiempos del Pacto Por M\u00e9xico). No es la ineptitud de la oposici\u00f3n, es el autoritarismo de AMLO. La mediocridad se esconde. Avanza.<\/p>\n\n\n\n<p>*Doctor en Ciencia Pol\u00edtica por la UNAM.<\/p>\n","protected":false},"excerpt":{"rendered":"<p>Gibr\u00e1n Ram\u00edrez Reyes* No s\u00e9 si estas campa\u00f1as resulten para el p\u00fablico en general tan&hellip;<\/p>\n","protected":false},"author":2,"featured_media":24099,"comment_status":"closed","ping_status":"open","sticky":false,"template":"","format":"standard","meta":{"_lmt_disableupdate":"","_lmt_disable":"","_jetpack_memberships_contains_paid_content":false,"footnotes":""},"categories":[456,109],"tags":[2489],"class_list":["post-26548","post","type-post","status-publish","format-standard","has-post-thumbnail","hentry","category-columna","category-minuto-a-minuto","tag-gibran-ramirez-reyes"],"jetpack_featured_media_url":"https:\/\/zonaroja.com.mx\/wp-content\/uploads\/2021\/02\/Gibran-Ramirez-Reyes.jpg","jetpack_sharing_enabled":true,"_links":{"self":[{"href":"https:\/\/zonaroja.com.mx\/index.php?rest_route=\/wp\/v2\/posts\/26548","targetHints":{"allow":["GET"]}}],"collection":[{"href":"https:\/\/zonaroja.com.mx\/index.php?rest_route=\/wp\/v2\/posts"}],"about":[{"href":"https:\/\/zonaroja.com.mx\/index.php?rest_route=\/wp\/v2\/types\/post"}],"author":[{"embeddable":true,"href":"https:\/\/zonaroja.com.mx\/index.php?rest_route=\/wp\/v2\/users\/2"}],"replies":[{"embeddable":true,"href":"https:\/\/zonaroja.com.mx\/index.php?rest_route=%2Fwp%2Fv2%2Fcomments&post=26548"}],"version-history":[{"count":1,"href":"https:\/\/zonaroja.com.mx\/index.php?rest_route=\/wp\/v2\/posts\/26548\/revisions"}],"predecessor-version":[{"id":26549,"href":"https:\/\/zonaroja.com.mx\/index.php?rest_route=\/wp\/v2\/posts\/26548\/revisions\/26549"}],"wp:featuredmedia":[{"embeddable":true,"href":"https:\/\/zonaroja.com.mx\/index.php?rest_route=\/wp\/v2\/media\/24099"}],"wp:attachment":[{"href":"https:\/\/zonaroja.com.mx\/index.php?rest_route=%2Fwp%2Fv2%2Fmedia&parent=26548"}],"wp:term":[{"taxonomy":"category","embeddable":true,"href":"https:\/\/zonaroja.com.mx\/index.php?rest_route=%2Fwp%2Fv2%2Fcategories&post=26548"},{"taxonomy":"post_tag","embeddable":true,"href":"https:\/\/zonaroja.com.mx\/index.php?rest_route=%2Fwp%2Fv2%2Ftags&post=26548"}],"curies":[{"name":"wp","href":"https:\/\/api.w.org\/{rel}","templated":true}]}}