{"id":2655,"date":"2019-07-30T21:39:13","date_gmt":"2019-07-31T02:39:13","guid":{"rendered":"http:\/\/www.zonaroja.com.mx\/?p=2655"},"modified":"2019-07-30T21:39:16","modified_gmt":"2019-07-31T02:39:16","slug":"mueren-calcinados-dos-menores-de-edad-y-una-mujer-en-juxtlahuaca","status":"publish","type":"post","link":"https:\/\/zonaroja.com.mx\/?p=2655","title":{"rendered":"Mueren calcinados dos menores de edad y una mujer en Juxtlahuaca"},"content":{"rendered":"\n<p>Redacci\u00f3n<\/p>\n\n\n\n<p>Oaxaca de\nJu\u00e1rez, Oax., 30 de julio de 2019.- Tres personas calcinadas, entre ellas dos\nmenores de edad, dej\u00f3 la explosi\u00f3n de un tanque de gas dom\u00e9stico, en un\ndomicilio del barrio de Guadalupe de Santiago Juxtlahuaca, municipio de la\nregi\u00f3n Mixteca de Oaxaca.<\/p>\n\n\n\n<p>Seg\u00fan informes preliminares, la mujer fallecida fue identificada como Ernestina N. de 38 a\u00f1os de edad, y sus dos hijos, Sa\u00fal, de nueve a\u00f1os, y Natanael, de cuatro a\u00f1os.<\/p>\n\n\n\n<figure class=\"wp-block-image\"><img decoding=\"async\" width=\"720\" height=\"961\" src=\"http:\/\/www.zonaroja.com.mx\/wp-content\/uploads\/2019\/07\/5da76ee7-a742-4e97-93d5-746eacb27869.jpg\" alt=\"\" class=\"wp-image-2657\" srcset=\"https:\/\/zonaroja.com.mx\/wp-content\/uploads\/2019\/07\/5da76ee7-a742-4e97-93d5-746eacb27869.jpg 720w, https:\/\/zonaroja.com.mx\/wp-content\/uploads\/2019\/07\/5da76ee7-a742-4e97-93d5-746eacb27869-225x300.jpg 225w, https:\/\/zonaroja.com.mx\/wp-content\/uploads\/2019\/07\/5da76ee7-a742-4e97-93d5-746eacb27869-585x781.jpg 585w\" sizes=\"(max-width: 720px) 100vw, 720px\" \/><\/figure>\n\n\n\n<p>El hecho\nocurri\u00f3 aproximadamente a las 18:50 horas en una vivienda localizada en la\ncalle Libertad esquina con Reforma; la explosi\u00f3n se origin\u00f3 presuntamente por una\nfuga de gas LP.<\/p>\n\n\n\n<p>Elementos de\nla Polic\u00eda Estatal y de la Guardia Nacional arribaron al lugar tras los hechos,\nno obstante los cuerpos fueron rescatados calcinados. <\/p>\n\n\n\n<p>Personal de la Vicefiscal\u00eda Regional de la Mixteca arrib\u00f3 al lugar para iniciar con la Carpeta de Investigaci\u00f3n correspondiente.<\/p>\n\n\n\n<figure class=\"wp-block-embed-twitter wp-block-embed is-type-rich is-provider-twitter\"><div class=\"wp-block-embed__wrapper\">\n<div class=\"twitter-tweet\"><blockquote class=\"twitter-tweet\" data-lang=\"es\"><p lang=\"es\" dir=\"ltr\"><a href=\"https:\/\/twitter.com\/hashtag\/OaxacaRojo?src=hash&amp;ref_src=twsrc%5Etfw\">#OaxacaRojo<\/a><br>Estos son los momentos posteriores a la explosi\u00f3n ocurrida hoy en un domicilio en Santiago Juxtlahuaca, que dej\u00f3 tres personas fallecidas. <a href=\"https:\/\/t.co\/6Y4Js78mN5\">pic.twitter.com\/6Y4Js78mN5<\/a><\/p>&mdash; Zona Roja Oaxaca (@MexRoja) <a href=\"https:\/\/twitter.com\/MexRoja\/status\/1156386883561283587?ref_src=twsrc%5Etfw\">31 de julio de 2019<\/a><\/blockquote><\/div>\n<\/div><\/figure>\n","protected":false},"excerpt":{"rendered":"<p>Redacci\u00f3n Oaxaca de Ju\u00e1rez, Oax., 30 de julio de 2019.- Tres personas calcinadas, entre ellas&hellip;<\/p>\n","protected":false},"author":2,"featured_media":2656,"comment_status":"closed","ping_status":"open","sticky":false,"template":"","format":"standard","meta":{"_lmt_disableupdate":"","_lmt_disable":"","_jetpack_memberships_contains_paid_content":false,"footnotes":""},"categories":[109,51],"tags":[436],"class_list":["post-2655","post","type-post","status-publish","format-standard","has-post-thumbnail","hentry","category-minuto-a-minuto","category-zona-roja","tag-explosion-en-juxtlahuaca-tres-muertos"],"jetpack_featured_media_url":"https:\/\/zonaroja.com.mx\/wp-content\/uploads\/2019\/07\/IMG_4609.jpg","jetpack_sharing_enabled":true,"_links":{"self":[{"href":"https:\/\/zonaroja.com.mx\/index.php?rest_route=\/wp\/v2\/posts\/2655","targetHints":{"allow":["GET"]}}],"collection":[{"href":"https:\/\/zonaroja.com.mx\/index.php?rest_route=\/wp\/v2\/posts"}],"about":[{"href":"https:\/\/zonaroja.com.mx\/index.php?rest_route=\/wp\/v2\/types\/post"}],"author":[{"embeddable":true,"href":"https:\/\/zonaroja.com.mx\/index.php?rest_route=\/wp\/v2\/users\/2"}],"replies":[{"embeddable":true,"href":"https:\/\/zonaroja.com.mx\/index.php?rest_route=%2Fwp%2Fv2%2Fcomments&post=2655"}],"version-history":[{"count":1,"href":"https:\/\/zonaroja.com.mx\/index.php?rest_route=\/wp\/v2\/posts\/2655\/revisions"}],"predecessor-version":[{"id":2658,"href":"https:\/\/zonaroja.com.mx\/index.php?rest_route=\/wp\/v2\/posts\/2655\/revisions\/2658"}],"wp:featuredmedia":[{"embeddable":true,"href":"https:\/\/zonaroja.com.mx\/index.php?rest_route=\/wp\/v2\/media\/2656"}],"wp:attachment":[{"href":"https:\/\/zonaroja.com.mx\/index.php?rest_route=%2Fwp%2Fv2%2Fmedia&parent=2655"}],"wp:term":[{"taxonomy":"category","embeddable":true,"href":"https:\/\/zonaroja.com.mx\/index.php?rest_route=%2Fwp%2Fv2%2Fcategories&post=2655"},{"taxonomy":"post_tag","embeddable":true,"href":"https:\/\/zonaroja.com.mx\/index.php?rest_route=%2Fwp%2Fv2%2Ftags&post=2655"}],"curies":[{"name":"wp","href":"https:\/\/api.w.org\/{rel}","templated":true}]}}