{"id":26555,"date":"2021-04-28T14:45:12","date_gmt":"2021-04-28T19:45:12","guid":{"rendered":"http:\/\/www.zonaroja.com.mx\/?p=26555"},"modified":"2021-04-28T14:48:01","modified_gmt":"2021-04-28T19:48:01","slug":"tras-bloqueo-en-puerto-escondido-va-gobierno-de-oaxaca-por-acuerdo-de-paz","status":"publish","type":"post","link":"https:\/\/zonaroja.com.mx\/?p=26555","title":{"rendered":"Tras bloqueo en Puerto Escondido, va gobierno de Oaxaca por acuerdo de paz"},"content":{"rendered":"\n<p>Evlin Arag\u00f3n\/Zona Roja.<\/p>\n\n\n\n<p>Oaxaca de Ju\u00e1rez, Oax., 28 de abril de 2021.- En medio de un conflicto territorial en la regi\u00f3n de la Costa, que se aviv\u00f3 en los \u00faltimos d\u00edas entre Santa Mar\u00eda Colotepec y San Pedro Mixtepec, el gobernador de Oaxaca, Alejandro Murat Hinojosa, acudi\u00f3 ayer a la zona de conflicto para establecer di\u00e1logo con los representantes de ambas localidades.&nbsp;<\/p>\n\n\n\n<p>\u201cColotepec exige respeto a sus l\u00edmites territoriales y que no vamos a permitir nunca, la intromisi\u00f3n de San Pedro Mixtepec. Colotepec quiere paz, es un pueblo de gente trabajadora. No queremos pleitos\u201d, refiri\u00f3 el edil Valent\u00edn Hern\u00e1ndez.<\/p>\n\n\n\n<p>Alzando la voz y de cara al gobernador, le solicit\u00f3 su intervenci\u00f3n de manera directa para que el conflicto llegue a un buen t\u00e9rmino, sin violencia de por medio, pero respetando en todo momento las jurisdicciones de cada una de las localidades.&nbsp;<\/p>\n\n\n\n<p>As\u00ed mismo, advirti\u00f3 que se movilizaran los d\u00edas que sean necesarios, como lo hicieron durante este fin de semana, hasta lograr que el territorio en pugna, incluida la agencia de Puerto Escondido, sea reconocido como parte Santa Mar\u00eda Colotepec.<\/p>\n\n\n\n<p>Por su parte el gobernador de Oaxaca, Alejandro Murat Hinojosa, asegur\u00f3 que esta dispuesto a sentarse a la mesa de di\u00e1logo con ambas comunidades, con la intenci\u00f3n de encontrar juntos la ruta de la paz, que es lo m\u00e1s importante para la poblaci\u00f3n en estos momentos.\u00a0<\/p>\n\n\n\n<figure class=\"wp-block-embed-twitter wp-block-embed is-type-rich is-provider-twitter\"><div class=\"wp-block-embed__wrapper\">\n<div class=\"twitter-tweet\"><blockquote class=\"twitter-tweet\" data-lang=\"es\"><p lang=\"es\" dir=\"ltr\"><a href=\"https:\/\/twitter.com\/hashtag\/%C3%9AltimoMinuto?src=hash&amp;ref_src=twsrc%5Etfw\">#\u00daltimoMinuto<\/a> <br>&quot;\u00bfQuieren paz? Yo tambi\u00e9n quiero paz\u201d. Tras el di\u00e1logo encabezado ayer por la tarde por el gobernador <a href=\"https:\/\/twitter.com\/alejandromurat?ref_src=twsrc%5Etfw\">@alejandromurat<\/a> desde el lugar de la protesta, pobladores y autoridades de Santa Mar\u00eda Colotepec retiraron sus bloqueos en Puerto Escondido <br>Video: <a href=\"https:\/\/twitter.com\/RedaccionO?ref_src=twsrc%5Etfw\">@RedaccionO<\/a> <a href=\"https:\/\/t.co\/AgLJraqDgZ\">pic.twitter.com\/AgLJraqDgZ<\/a><\/p>&mdash; Zona Roja Oaxaca (@Zona_Roja_Oax) <a href=\"https:\/\/twitter.com\/Zona_Roja_Oax\/status\/1387383264374050819?ref_src=twsrc%5Etfw\">28 de abril de 2021<\/a><\/blockquote><\/div>\n<\/div><\/figure>\n\n\n\n<p>\u201cL\u00cdDER SO YO\u201d<\/p>\n\n\n\n<p>\u201cAqu\u00ed el l\u00edder de Oaxaca soy yo, el que encabez\u00f3 esta mesa soy yo, porque me interesa la paz de Oaxaca, porque me interesa Colotepec, porque me interesa la paz de la Costa\u201d, indic\u00f3.&nbsp;<\/p>\n\n\n\n<p>Murat Hinojosa asegur\u00f3 que no es parte del conflicto, que su responsabilidad es construir la paz entre ambas poblaciones por lo que insistir\u00e1 en que los acuerdos del pasado se puedan mantener siempre y cuando exista la disposici\u00f3n por parte de las dos poblaciones.&nbsp;<\/p>\n\n\n\n<p>As\u00ed mismo, se comprometi\u00f3 con la comunidad de Colotepec para que sus autoridades sean recibidas por el Poder Judicial, con la intenci\u00f3n de generar la ruta jur\u00eddica que derive en acuerdos no s\u00f3lo pol\u00edticos, sino de car\u00e1cter legal que se requieren.<\/p>\n\n\n\n<p>\u201cLo tenemos que hacer juntos, por la ruta pol\u00edtica y por la ruta jur\u00eddica. Hoy me he comprometido para que este jueves el Poder Judicial pueda atender a Colotepec con el fin de trazar la ruta hacia la paz y estabilidad\u201d, sentenci\u00f3.&nbsp;<\/p>\n","protected":false},"excerpt":{"rendered":"<p>Evlin Arag\u00f3n\/Zona Roja. Oaxaca de Ju\u00e1rez, Oax., 28 de abril de 2021.- En medio de&hellip;<\/p>\n","protected":false},"author":2,"featured_media":26556,"comment_status":"closed","ping_status":"open","sticky":false,"template":"","format":"standard","meta":{"_lmt_disableupdate":"","_lmt_disable":"","_jetpack_memberships_contains_paid_content":false,"footnotes":""},"categories":[109,46],"tags":[173],"class_list":["post-26555","post","type-post","status-publish","format-standard","has-post-thumbnail","hentry","category-minuto-a-minuto","category-zona-blanca","tag-alejandro-murat-hinojosa"],"jetpack_featured_media_url":"https:\/\/zonaroja.com.mx\/wp-content\/uploads\/2021\/04\/Gobernador-en-Colotepec.jpg","jetpack_sharing_enabled":true,"_links":{"self":[{"href":"https:\/\/zonaroja.com.mx\/index.php?rest_route=\/wp\/v2\/posts\/26555","targetHints":{"allow":["GET"]}}],"collection":[{"href":"https:\/\/zonaroja.com.mx\/index.php?rest_route=\/wp\/v2\/posts"}],"about":[{"href":"https:\/\/zonaroja.com.mx\/index.php?rest_route=\/wp\/v2\/types\/post"}],"author":[{"embeddable":true,"href":"https:\/\/zonaroja.com.mx\/index.php?rest_route=\/wp\/v2\/users\/2"}],"replies":[{"embeddable":true,"href":"https:\/\/zonaroja.com.mx\/index.php?rest_route=%2Fwp%2Fv2%2Fcomments&post=26555"}],"version-history":[{"count":2,"href":"https:\/\/zonaroja.com.mx\/index.php?rest_route=\/wp\/v2\/posts\/26555\/revisions"}],"predecessor-version":[{"id":26558,"href":"https:\/\/zonaroja.com.mx\/index.php?rest_route=\/wp\/v2\/posts\/26555\/revisions\/26558"}],"wp:featuredmedia":[{"embeddable":true,"href":"https:\/\/zonaroja.com.mx\/index.php?rest_route=\/wp\/v2\/media\/26556"}],"wp:attachment":[{"href":"https:\/\/zonaroja.com.mx\/index.php?rest_route=%2Fwp%2Fv2%2Fmedia&parent=26555"}],"wp:term":[{"taxonomy":"category","embeddable":true,"href":"https:\/\/zonaroja.com.mx\/index.php?rest_route=%2Fwp%2Fv2%2Fcategories&post=26555"},{"taxonomy":"post_tag","embeddable":true,"href":"https:\/\/zonaroja.com.mx\/index.php?rest_route=%2Fwp%2Fv2%2Ftags&post=26555"}],"curies":[{"name":"wp","href":"https:\/\/api.w.org\/{rel}","templated":true}]}}