{"id":26559,"date":"2021-04-28T15:04:59","date_gmt":"2021-04-28T20:04:59","guid":{"rendered":"http:\/\/www.zonaroja.com.mx\/?p=26559"},"modified":"2021-04-28T15:05:03","modified_gmt":"2021-04-28T20:05:03","slug":"sin-contratiempos-arranca-vacunacion-de-docentes-en-oaxaca","status":"publish","type":"post","link":"https:\/\/zonaroja.com.mx\/?p=26559","title":{"rendered":"Sin contratiempos, arranca vacunaci\u00f3n de docentes en Oaxaca"},"content":{"rendered":"\n<p>Evlin Arag\u00f3n\/Zona Roja.<\/p>\n\n\n\n<p>Oaxaca de Ju\u00e1rez, Oax., 28 de abril de 2021.- La maestra Edith Hern\u00e1ndez Cuevas, adscrita a la escuela primaria \u201c21 de agosto\u201d de la capital, se convirti\u00f3 en la primera trabajadora de la educaci\u00f3n en recibir la vacuna contra la Covid-19, este mi\u00e9rcoles, al interior del Centro Cultural y de Convenciones de Oaxaca, habilitado como una de las 22 sedes para la jornada de vacunaci\u00f3n.&nbsp;<\/p>\n\n\n\n<p>Sin ning\u00fan tipo de molestia o reacci\u00f3n secundaria, la docente sali\u00f3 del lugar acompa\u00f1ada de un familiar, toda vez que por el momento tiene que utilizar una silla de ruedas, e invit\u00f3 al gremio a acudir con confianza y en orden a recibir el biol\u00f3gico de CanSino.&nbsp;<\/p>\n\n\n\n<p>De igual forma, asegur\u00f3 que al estar en contacto con un importante n\u00famero de personas, es indispensable que el gremio docente se ponga la vacuna, lo cual dijo no quiere decir que el regreso a las aulas sea inmediato ya que se tiene que evitar poner en riesgo a la poblaci\u00f3n infantil y juvenil.&nbsp;<\/p>\n\n\n\n<p>\u201cYo digo que hasta que ya no haya riesgo, principalmente para los ni\u00f1os porque es una poblaci\u00f3n bastante vulnerable y pienso que hasta que ya no haya riesgo podemos volver a las aulas\u201d, dijo.&nbsp;&nbsp;<\/p>\n\n\n\n<p>As\u00ed mismo, aprovech\u00f3 para recordarle a la poblaci\u00f3n docente que sigue siendo necesario mantener las medidas sanitarias correspondientes, hasta que la mayor\u00eda de la poblaci\u00f3n reciba la inmunizaci\u00f3n.\u00a0<\/p>\n\n\n\n<figure class=\"wp-block-embed-twitter wp-block-embed is-type-rich is-provider-twitter\"><div class=\"wp-block-embed__wrapper\">\n<div class=\"twitter-tweet\"><blockquote class=\"twitter-tweet\" data-lang=\"es\"><p lang=\"es\" dir=\"ltr\"><a href=\"https:\/\/twitter.com\/hashtag\/ENVIVO?src=hash&amp;ref_src=twsrc%5Etfw\">#ENVIVO<\/a> <br>Santa Luc\u00eda del Camino, Oax., 28 de abril de 2021. En el Centro de Convenciones en Oaxaca inicia la vacunaci\u00f3n a maestros del estado; es una de 22 sedes y todo se desarrolla sin contratiempos. <br><br>Siga la transmisi\u00f3n:<br>\ud83d\udc47<a href=\"https:\/\/t.co\/JAcN2D95ni\">https:\/\/t.co\/JAcN2D95ni<\/a> <a href=\"https:\/\/t.co\/sKPKjPrCYo\">pic.twitter.com\/sKPKjPrCYo<\/a><\/p>&mdash; Zona Roja Oaxaca (@Zona_Roja_Oax) <a href=\"https:\/\/twitter.com\/Zona_Roja_Oax\/status\/1387403449093001220?ref_src=twsrc%5Etfw\">28 de abril de 2021<\/a><\/blockquote><\/div>\n<\/div><\/figure>\n\n\n\n<p>\u201cPor eso estamos aqu\u00ed porque sabemos que es esencial la aplicaci\u00f3n de la vacuna, pero hay que seguirnos cuidados entre todas y todos\u201d, manifest\u00f3.&nbsp;<\/p>\n\n\n\n<p>La vacunaci\u00f3n a la comunidad docente tuvo un ensayo el d\u00eda de ayer martes, incluso durante la conferencia ma\u00f1anera del presidente de la Rep\u00fablica, Andr\u00e9s Manuel L\u00f3pez Obrador, se enlazaron en vivo a la capital oaxaque\u00f1a para dar cuenta del arranque de la jornada<\/p>\n\n\n\n<p>ARRANQUE FORMAL<\/p>\n\n\n\n<p>De acuerdo con las autoridades estatales, se aplicar\u00e1n un total de 117 mil 333 dosis del biol\u00f3gico CanSino; en el caso de la capital y zona conurbada los puntos de vacunaci\u00f3n son el Centro Cultural y de Convenciones, el Instituto Tecnol\u00f3gico, Preparatoria 7 de la UABJO y el Polideportivo \u201cVenustiano Carranza\u201d, donde est\u00e1 ma\u00f1ana no se registraron incidentes.\u00a0<\/p>\n\n\n\n<figure class=\"wp-block-embed-twitter wp-block-embed is-type-rich is-provider-twitter\"><div class=\"wp-block-embed__wrapper\">\n<div class=\"twitter-tweet\"><blockquote class=\"twitter-tweet\" data-lang=\"es\"><p lang=\"es\" dir=\"ltr\"><a href=\"https:\/\/twitter.com\/hashtag\/%C3%9AltimoMinuto?src=hash&amp;ref_src=twsrc%5Etfw\">#\u00daltimoMinuto<\/a> <br>El estadio del Instituto Tecnol\u00f3gico de <a href=\"https:\/\/twitter.com\/hashtag\/Oaxaca?src=hash&amp;ref_src=twsrc%5Etfw\">#Oaxaca<\/a>, en la capital, es otra de las sedes donde se aplica la vacuna contra el Covid-19 a trabajadores de la educaci\u00f3n; hasta el momento, todo con normalidad. <a href=\"https:\/\/t.co\/LwqaxZ170M\">pic.twitter.com\/LwqaxZ170M<\/a><\/p>&mdash; Zona Roja Oaxaca (@Zona_Roja_Oax) <a href=\"https:\/\/twitter.com\/Zona_Roja_Oax\/status\/1387415791201566723?ref_src=twsrc%5Etfw\">28 de abril de 2021<\/a><\/blockquote><\/div>\n<\/div><\/figure>\n\n\n\n<p>Para cumplir con el objetivo se contar\u00e1 con el apoyo de mil 92 elementos, de los cuales 340 pertenecen a la Guardia Nacional, 22 son coordinadores de centros de vacunaci\u00f3n, 730 conforman las Brigadas Correcaminos, adem\u00e1s de los delegados Bienestar para el Plan Nacional de Vacunaci\u00f3n.<\/p>\n\n\n\n<p>Hasta el momento, la jornada transcurre con normalidad, sin largas filas y con extremas medidas de sana distancia, con la plena colaboraci\u00f3n de representantes sectoriales y regionales de la Secci\u00f3n 22 del SNTE, en coordinaci\u00f3n con el Instituto Estatal de Educaci\u00f3n P\u00fablica de Oaxaca.<\/p>\n","protected":false},"excerpt":{"rendered":"<p>Evlin Arag\u00f3n\/Zona Roja. Oaxaca de Ju\u00e1rez, Oax., 28 de abril de 2021.- La maestra Edith&hellip;<\/p>\n","protected":false},"author":2,"featured_media":26560,"comment_status":"closed","ping_status":"open","sticky":false,"template":"","format":"standard","meta":{"_lmt_disableupdate":"","_lmt_disable":"","_jetpack_memberships_contains_paid_content":false,"footnotes":""},"categories":[109,46],"tags":[1512],"class_list":["post-26559","post","type-post","status-publish","format-standard","has-post-thumbnail","hentry","category-minuto-a-minuto","category-zona-blanca","tag-coronavirus-oaxaca"],"jetpack_featured_media_url":"https:\/\/zonaroja.com.mx\/wp-content\/uploads\/2021\/04\/Vacunacion-contra-el-Covid-profesora.jpg","jetpack_sharing_enabled":true,"_links":{"self":[{"href":"https:\/\/zonaroja.com.mx\/index.php?rest_route=\/wp\/v2\/posts\/26559","targetHints":{"allow":["GET"]}}],"collection":[{"href":"https:\/\/zonaroja.com.mx\/index.php?rest_route=\/wp\/v2\/posts"}],"about":[{"href":"https:\/\/zonaroja.com.mx\/index.php?rest_route=\/wp\/v2\/types\/post"}],"author":[{"embeddable":true,"href":"https:\/\/zonaroja.com.mx\/index.php?rest_route=\/wp\/v2\/users\/2"}],"replies":[{"embeddable":true,"href":"https:\/\/zonaroja.com.mx\/index.php?rest_route=%2Fwp%2Fv2%2Fcomments&post=26559"}],"version-history":[{"count":1,"href":"https:\/\/zonaroja.com.mx\/index.php?rest_route=\/wp\/v2\/posts\/26559\/revisions"}],"predecessor-version":[{"id":26561,"href":"https:\/\/zonaroja.com.mx\/index.php?rest_route=\/wp\/v2\/posts\/26559\/revisions\/26561"}],"wp:featuredmedia":[{"embeddable":true,"href":"https:\/\/zonaroja.com.mx\/index.php?rest_route=\/wp\/v2\/media\/26560"}],"wp:attachment":[{"href":"https:\/\/zonaroja.com.mx\/index.php?rest_route=%2Fwp%2Fv2%2Fmedia&parent=26559"}],"wp:term":[{"taxonomy":"category","embeddable":true,"href":"https:\/\/zonaroja.com.mx\/index.php?rest_route=%2Fwp%2Fv2%2Fcategories&post=26559"},{"taxonomy":"post_tag","embeddable":true,"href":"https:\/\/zonaroja.com.mx\/index.php?rest_route=%2Fwp%2Fv2%2Ftags&post=26559"}],"curies":[{"name":"wp","href":"https:\/\/api.w.org\/{rel}","templated":true}]}}