{"id":26563,"date":"2021-04-28T19:31:19","date_gmt":"2021-04-29T00:31:19","guid":{"rendered":"http:\/\/www.zonaroja.com.mx\/?p=26563"},"modified":"2021-04-28T19:31:23","modified_gmt":"2021-04-29T00:31:23","slug":"se-compromete-hernandez-fraguas-a-respaldar-a-las-mujeres-de-oaxaca-y-de-mexico","status":"publish","type":"post","link":"https:\/\/zonaroja.com.mx\/?p=26563","title":{"rendered":"Se compromete Hern\u00e1ndez Fraguas a respaldar a las mujeres de Oaxaca y de M\u00e9xico"},"content":{"rendered":"\n<p>Redacci\u00f3n\/Zona Roja.<\/p>\n\n\n\n<p>Oaxaca de Ju\u00e1rez, Oax., a 28 de abril de 2021.- El candidato a la diputaci\u00f3n federal por el Distrito VIII, de la alianza \u201cVa Por M\u00e9xico\u201d, Jos\u00e9 Antonio Hern\u00e1ndez Fraguas, enfatiz\u00f3 que el 6 de junio, las y los oaxaque\u00f1os tienen la oportunidad de volver a apoyar a las mujeres que son v\u00edctima de violencia.<\/p>\n\n\n\n<p>Lament\u00f3 que actualmente el Gobierno de la Rep\u00fablica abandon\u00f3 a las mujeres, ni\u00f1as y adolescentes, muestra de ello es el incremento de agresiones en su contra; \u201caumentaron los delitos de violencia de g\u00e9nero y redujeron el presupuesto a los refugios para mujeres v\u00edctimas de violencia\u201d, dijo.<\/p>\n\n\n\n<p>Asimismo, expuso que las y los actuales diputados disminuyeron el presupuesto para programas de salud materna y atenci\u00f3n a enfermedades como el c\u00e1ncer de mama y cuello uterino, aunado a ello el Gobierno Federal y Morena han ignorado las demandas y propuestas de los movimientos de mujeres.<\/p>\n\n\n\n<p>Ante esta situaci\u00f3n, que resulta apremiante, el candidato por el PRI, PAN y PRD, junto a su compa\u00f1era de f\u00f3rmula, Mariana Nassar Pi\u00f1eyro, promover\u00e1n iniciativas para poner alto a la violencia de g\u00e9nero y dar atenci\u00f3n de igualdad sustantiva a la mujer, en materia de justicia, econom\u00eda, educaci\u00f3n, pol\u00edtica, generaci\u00f3n de oportunidades y salarios.<\/p>\n\n\n\n<p>En este marco, y para promover la paridad y no violencia en el proceso electoral 2020-2021, los candidatos se sumaron a la Firma del Acuerdo por la Democracia Paritaria en Oaxaca, convocado por el Colectivo 50+1, cuya finalidad es que las mujeres participen en los espacios de toma de decisiones, con respeto a sus derechos.<\/p>\n","protected":false},"excerpt":{"rendered":"<p>Redacci\u00f3n\/Zona Roja. Oaxaca de Ju\u00e1rez, Oax., a 28 de abril de 2021.- El candidato a&hellip;<\/p>\n","protected":false},"author":2,"featured_media":26564,"comment_status":"closed","ping_status":"open","sticky":false,"template":"","format":"standard","meta":{"_lmt_disableupdate":"","_lmt_disable":"","_jetpack_memberships_contains_paid_content":false,"footnotes":""},"categories":[109,46],"tags":[2348,2592],"class_list":["post-26563","post","type-post","status-publish","format-standard","has-post-thumbnail","hentry","category-minuto-a-minuto","category-zona-blanca","tag-elecciones-oaxaca-2021","tag-jose-antonio-hernandez-fraguas"],"jetpack_featured_media_url":"https:\/\/zonaroja.com.mx\/wp-content\/uploads\/2021\/04\/PHOTO-2021-04-28-14-58-51.jpg","jetpack_sharing_enabled":true,"_links":{"self":[{"href":"https:\/\/zonaroja.com.mx\/index.php?rest_route=\/wp\/v2\/posts\/26563","targetHints":{"allow":["GET"]}}],"collection":[{"href":"https:\/\/zonaroja.com.mx\/index.php?rest_route=\/wp\/v2\/posts"}],"about":[{"href":"https:\/\/zonaroja.com.mx\/index.php?rest_route=\/wp\/v2\/types\/post"}],"author":[{"embeddable":true,"href":"https:\/\/zonaroja.com.mx\/index.php?rest_route=\/wp\/v2\/users\/2"}],"replies":[{"embeddable":true,"href":"https:\/\/zonaroja.com.mx\/index.php?rest_route=%2Fwp%2Fv2%2Fcomments&post=26563"}],"version-history":[{"count":1,"href":"https:\/\/zonaroja.com.mx\/index.php?rest_route=\/wp\/v2\/posts\/26563\/revisions"}],"predecessor-version":[{"id":26565,"href":"https:\/\/zonaroja.com.mx\/index.php?rest_route=\/wp\/v2\/posts\/26563\/revisions\/26565"}],"wp:featuredmedia":[{"embeddable":true,"href":"https:\/\/zonaroja.com.mx\/index.php?rest_route=\/wp\/v2\/media\/26564"}],"wp:attachment":[{"href":"https:\/\/zonaroja.com.mx\/index.php?rest_route=%2Fwp%2Fv2%2Fmedia&parent=26563"}],"wp:term":[{"taxonomy":"category","embeddable":true,"href":"https:\/\/zonaroja.com.mx\/index.php?rest_route=%2Fwp%2Fv2%2Fcategories&post=26563"},{"taxonomy":"post_tag","embeddable":true,"href":"https:\/\/zonaroja.com.mx\/index.php?rest_route=%2Fwp%2Fv2%2Ftags&post=26563"}],"curies":[{"name":"wp","href":"https:\/\/api.w.org\/{rel}","templated":true}]}}