{"id":26566,"date":"2021-04-28T20:56:53","date_gmt":"2021-04-29T01:56:53","guid":{"rendered":"http:\/\/www.zonaroja.com.mx\/?p=26566"},"modified":"2021-04-28T21:21:42","modified_gmt":"2021-04-29T02:21:42","slug":"desdena-titular-de-sso-a-quimicos-y-se-niega-a-atender-recategorizacion","status":"publish","type":"post","link":"https:\/\/zonaroja.com.mx\/?p=26566","title":{"rendered":"Desde\u00f1a titular de SSO a qu\u00edmicos y se niega a atender recategorizaci\u00f3n"},"content":{"rendered":"\n<p>Yuridiana Sosa\/Zona Roja.<\/p>\n\n\n\n<p>Oaxaca de Ju\u00e1rez, 28 de abril de 2021.- Qu\u00edmicos que laboran en los Servicios de Salud de Oaxaca (SSO), que son pagados como t\u00e9cnicos laboratoristas, denunciaron apat\u00eda por parte de la dependencia estatal para otorgarles su categorizaci\u00f3n con c\u00f3digo de qu\u00edmicos, a pesar que han cumplido con los requisitos solicitados.<\/p>\n\n\n\n<p>El movimiento \u00abSomos Qu\u00edmicos, No T\u00e9cnicos\u201d cumple tres a\u00f1os de lucha, pero durante el \u00faltimo a\u00f1o, en medio de la pandemia por Covid-19, sus agremiados han intensificado su exigencia de una recategorizaci\u00f3n, al estar expuestos y no recibir el pago por el valor de su trabajo.<\/p>\n\n\n\n<p>En mayo de 2020, los trabajadores tambi\u00e9n se manifestaron por la falta de respuestas de la autoridad estatal y desde ese entonces s\u00f3lo les han prometido que resolver\u00e1n la petici\u00f3n, haci\u00e9ndolos entregar una serie de oficios y documentos como supuestos requisitos, sin que eso signifique certeza en su proceso para obtener una nueva categor\u00eda.<\/p>\n\n\n\n<p>Los representantes de los 94 qu\u00edmicos afectados se\u00f1alaron en conferencia de prensa que el secretario Juan Carlos M\u00e1rquez Heine los ha recibido en algunas ocasiones, pero no es concreto en su respuesta y argumenta que no hay recursos.<\/p>\n\n\n\n<figure class=\"wp-block-embed-twitter wp-block-embed is-type-rich is-provider-twitter\"><div class=\"wp-block-embed__wrapper\">\n<div class=\"twitter-tweet\"><blockquote class=\"twitter-tweet\" data-lang=\"es\"><p lang=\"es\" dir=\"ltr\"><a href=\"https:\/\/twitter.com\/hashtag\/%C3%9AltimoMinuto?src=hash&amp;ref_src=twsrc%5Etfw\">#\u00daltimoMinuto<\/a> <br>No cesan las quejas contra los <a href=\"https:\/\/twitter.com\/SSO_GobOax?ref_src=twsrc%5Etfw\">@SSO_GobOax<\/a>; el movimiento &quot;Somos Qu\u00edmicos, No T\u00e9cnicos&quot;, denunci\u00f3 hoy que sus demandas de recategorizaci\u00f3n no han sido atendidas por parte del titular de la dependencia, <a href=\"https:\/\/twitter.com\/JC_MarquezH?ref_src=twsrc%5Etfw\">@JC_MarquezH<\/a>. <a href=\"https:\/\/t.co\/11vzUXlw3R\">pic.twitter.com\/11vzUXlw3R<\/a><\/p>&mdash; Zona Roja Oaxaca (@Zona_Roja_Oax) <a href=\"https:\/\/twitter.com\/Zona_Roja_Oax\/status\/1387508266205421568?ref_src=twsrc%5Etfw\">28 de abril de 2021<\/a><\/blockquote><\/div>\n<\/div><\/figure>\n\n\n\n<p>En busca de ayuda a nivel federal para resolver este problema, las propias autoridades nacionales les han indicado que es un tema del orden estatal, e incluso en la C\u00e1mara Diputados federal les han informado que es el secretario de Salud de Oaxaca quien debe solicitar un recurso adicional para la recategorizaci\u00f3n, pero no lo ha efectuado.<\/p>\n\n\n\n<p>Agregaron que hace varias semanas M\u00e1rquez Heine, les propuso una cita con funcionarios de la Secretar\u00eda de Salud nacional, la cual fue cancelada y no se ha agendado nuevamente.<\/p>\n\n\n\n<p>Los profesionistas qu\u00edmicos manifestaron su hartazgo por la apat\u00eda del gobierno estatal, pero no van a desistir de su movimiento hasta lograr que se cumpla con el reconocimiento de su actividad y profesi\u00f3n.<\/p>\n\n\n\n<p>Un trabajador con la categor\u00eda de Qu\u00edmico recibe un salario aproximado de 13 mil pesos, mientras que un t\u00e9cnico se encuentra cerca del 50 por ciento de eso.<\/p>\n","protected":false},"excerpt":{"rendered":"<p>Yuridiana Sosa\/Zona Roja. Oaxaca de Ju\u00e1rez, 28 de abril de 2021.- Qu\u00edmicos que laboran en&hellip;<\/p>\n","protected":false},"author":2,"featured_media":26569,"comment_status":"closed","ping_status":"open","sticky":false,"template":"","format":"standard","meta":{"_lmt_disableupdate":"","_lmt_disable":"","_jetpack_memberships_contains_paid_content":false,"footnotes":""},"categories":[109,46],"tags":[2634],"class_list":["post-26566","post","type-post","status-publish","format-standard","has-post-thumbnail","hentry","category-minuto-a-minuto","category-zona-blanca","tag-lizeth-zarate-lopez"],"jetpack_featured_media_url":"https:\/\/zonaroja.com.mx\/wp-content\/uploads\/2021\/04\/Movimiento-Soy-quimico-no-tecnico.jpg","jetpack_sharing_enabled":true,"_links":{"self":[{"href":"https:\/\/zonaroja.com.mx\/index.php?rest_route=\/wp\/v2\/posts\/26566","targetHints":{"allow":["GET"]}}],"collection":[{"href":"https:\/\/zonaroja.com.mx\/index.php?rest_route=\/wp\/v2\/posts"}],"about":[{"href":"https:\/\/zonaroja.com.mx\/index.php?rest_route=\/wp\/v2\/types\/post"}],"author":[{"embeddable":true,"href":"https:\/\/zonaroja.com.mx\/index.php?rest_route=\/wp\/v2\/users\/2"}],"replies":[{"embeddable":true,"href":"https:\/\/zonaroja.com.mx\/index.php?rest_route=%2Fwp%2Fv2%2Fcomments&post=26566"}],"version-history":[{"count":1,"href":"https:\/\/zonaroja.com.mx\/index.php?rest_route=\/wp\/v2\/posts\/26566\/revisions"}],"predecessor-version":[{"id":26568,"href":"https:\/\/zonaroja.com.mx\/index.php?rest_route=\/wp\/v2\/posts\/26566\/revisions\/26568"}],"wp:featuredmedia":[{"embeddable":true,"href":"https:\/\/zonaroja.com.mx\/index.php?rest_route=\/wp\/v2\/media\/26569"}],"wp:attachment":[{"href":"https:\/\/zonaroja.com.mx\/index.php?rest_route=%2Fwp%2Fv2%2Fmedia&parent=26566"}],"wp:term":[{"taxonomy":"category","embeddable":true,"href":"https:\/\/zonaroja.com.mx\/index.php?rest_route=%2Fwp%2Fv2%2Fcategories&post=26566"},{"taxonomy":"post_tag","embeddable":true,"href":"https:\/\/zonaroja.com.mx\/index.php?rest_route=%2Fwp%2Fv2%2Ftags&post=26566"}],"curies":[{"name":"wp","href":"https:\/\/api.w.org\/{rel}","templated":true}]}}