{"id":26570,"date":"2021-04-28T21:49:05","date_gmt":"2021-04-29T02:49:05","guid":{"rendered":"http:\/\/www.zonaroja.com.mx\/?p=26570"},"modified":"2021-04-28T22:38:38","modified_gmt":"2021-04-29T03:38:38","slug":"labor-social-de-una-decada-respaldan-a-lizeth-zarate-para-trabajar-por-oaxaca","status":"publish","type":"post","link":"https:\/\/zonaroja.com.mx\/?p=26570","title":{"rendered":"Labor social de una d\u00e9cada respaldan a Lizeth Z\u00e1rate para trabajar por Oaxaca"},"content":{"rendered":"\n<p>Yuridiana Sosa\/Zona Roja.<\/p>\n\n\n\n<p>Oaxaca de Ju\u00e1rez, Oax., 28 de abril. &#8211; En m\u00e1s de tres semanas de campa\u00f1a, Lizeth Z\u00e1rate, candidata a la diputaci\u00f3n federal por el Distrito VIII, con cabecera en Oaxaca de Ju\u00e1rez, por el Partido Encuentro Solidario (PES), asegura que cada d\u00eda tiene el pulso m\u00e1s claro de las necesidades por resolver para la ciudadan\u00eda desde la legislatura.<\/p>\n\n\n\n<p>En una pl\u00e1tica en la sede de la Asociaci\u00f3n de Periodistas de Oaxaca (APO), expres\u00f3 que a pesar que debuta en el \u00e1mbito pol\u00edtico, por ocho a\u00f1os ha trabajado desde lo personal en la labor social, lo cual no ha sido p\u00fablico porque su inter\u00e9s es ayudar, no protagonizar, ni lucrar.<\/p>\n\n\n\n<p>Sin embargo, en medio de un ambiente p\u00fablico y pol\u00edtico en el que ha recibido cr\u00edticas por ser un nuevo perfil, destac\u00f3 su trabajo a favor de los dem\u00e1s con gestiones en diferentes \u00e1mbitos, el cual continuar\u00e1 despu\u00e9s del 6 de junio, resulte o no favorecida.<\/p>\n\n\n\n<figure class=\"wp-block-embed-twitter wp-block-embed is-type-rich is-provider-twitter\"><div class=\"wp-block-embed__wrapper\">\n<div class=\"twitter-tweet\"><blockquote class=\"twitter-tweet\" data-lang=\"es\"><p lang=\"es\" dir=\"ltr\"><a href=\"https:\/\/twitter.com\/hashtag\/ENVIVO?src=hash&amp;ref_src=twsrc%5Etfw\">#ENVIVO<\/a> <br>Oaxaca de Ju\u00e1rez, Oax., a 28 de abril de 2021.- Conferencia de prensa de la candidata a diputada federal por el PES, Lizeth Z\u00e1rate.<br>Siga aqu\u00ed la transmisi\u00f3n:<br>\ud83d\udc47<a href=\"https:\/\/t.co\/1Pb9LjMBgF\">https:\/\/t.co\/1Pb9LjMBgF<\/a> <a href=\"https:\/\/t.co\/N2IkcUgZQ3\">pic.twitter.com\/N2IkcUgZQ3<\/a><\/p>&mdash; Zona Roja Oaxaca (@Zona_Roja_Oax) <a href=\"https:\/\/twitter.com\/Zona_Roja_Oax\/status\/1387449503641260036?ref_src=twsrc%5Etfw\">28 de abril de 2021<\/a><\/blockquote><\/div>\n<\/div><\/figure>\n\n\n\n<p>En su recorrido ha escuchado, casa a casa, las preocupaciones de la ciudadan\u00eda, pero tambi\u00e9n su respaldo ante el hartazgo de la poblaci\u00f3n de ver a los mismos pol\u00edticos de siempre en busca del poder.<\/p>\n\n\n\n<p>En la charla con periodistas, expuso su inter\u00e9s por legislar para mejorar el \u00e1mbito de salud, la inseguridad y erradicar la violencia contra las mujeres.<\/p>\n\n\n\n<p>Lizeth Z\u00e1rate lament\u00f3 la violencia pol\u00edtica por raz\u00f3n de g\u00e9nero, donde la brecha de la desigualdad y la falta de aceptaci\u00f3n por la participaci\u00f3n de las mujeres se mantenga y que al paso de los a\u00f1os sea peor, como ocurri\u00f3 con el asesinato de una precandidata en Oaxaca.<\/p>\n\n\n\n<p>Omiti\u00f3 entrar en pol\u00e9mica por los temas de car\u00e1cter nacional, pero dijo que el Poder Legislativo debe ser independiente, un contrapeso del poder presidencial, y no estar sujeto a los mandatos del Ejecutivo.<\/p>\n","protected":false},"excerpt":{"rendered":"<p>Yuridiana Sosa\/Zona Roja. Oaxaca de Ju\u00e1rez, Oax., 28 de abril. &#8211; En m\u00e1s de tres&hellip;<\/p>\n","protected":false},"author":2,"featured_media":26567,"comment_status":"closed","ping_status":"open","sticky":false,"template":"","format":"standard","meta":{"_lmt_disableupdate":"","_lmt_disable":"","_jetpack_memberships_contains_paid_content":false,"footnotes":""},"categories":[109,46],"tags":[2634],"class_list":["post-26570","post","type-post","status-publish","format-standard","has-post-thumbnail","hentry","category-minuto-a-minuto","category-zona-blanca","tag-lizeth-zarate-lopez"],"jetpack_featured_media_url":"https:\/\/zonaroja.com.mx\/wp-content\/uploads\/2021\/04\/Lizeth-Zarate.jpg","jetpack_sharing_enabled":true,"_links":{"self":[{"href":"https:\/\/zonaroja.com.mx\/index.php?rest_route=\/wp\/v2\/posts\/26570","targetHints":{"allow":["GET"]}}],"collection":[{"href":"https:\/\/zonaroja.com.mx\/index.php?rest_route=\/wp\/v2\/posts"}],"about":[{"href":"https:\/\/zonaroja.com.mx\/index.php?rest_route=\/wp\/v2\/types\/post"}],"author":[{"embeddable":true,"href":"https:\/\/zonaroja.com.mx\/index.php?rest_route=\/wp\/v2\/users\/2"}],"replies":[{"embeddable":true,"href":"https:\/\/zonaroja.com.mx\/index.php?rest_route=%2Fwp%2Fv2%2Fcomments&post=26570"}],"version-history":[{"count":2,"href":"https:\/\/zonaroja.com.mx\/index.php?rest_route=\/wp\/v2\/posts\/26570\/revisions"}],"predecessor-version":[{"id":26577,"href":"https:\/\/zonaroja.com.mx\/index.php?rest_route=\/wp\/v2\/posts\/26570\/revisions\/26577"}],"wp:featuredmedia":[{"embeddable":true,"href":"https:\/\/zonaroja.com.mx\/index.php?rest_route=\/wp\/v2\/media\/26567"}],"wp:attachment":[{"href":"https:\/\/zonaroja.com.mx\/index.php?rest_route=%2Fwp%2Fv2%2Fmedia&parent=26570"}],"wp:term":[{"taxonomy":"category","embeddable":true,"href":"https:\/\/zonaroja.com.mx\/index.php?rest_route=%2Fwp%2Fv2%2Fcategories&post=26570"},{"taxonomy":"post_tag","embeddable":true,"href":"https:\/\/zonaroja.com.mx\/index.php?rest_route=%2Fwp%2Fv2%2Ftags&post=26570"}],"curies":[{"name":"wp","href":"https:\/\/api.w.org\/{rel}","templated":true}]}}