{"id":26578,"date":"2021-04-29T07:32:22","date_gmt":"2021-04-29T12:32:22","guid":{"rendered":"http:\/\/www.zonaroja.com.mx\/?p=26578"},"modified":"2021-04-29T07:32:28","modified_gmt":"2021-04-29T12:32:28","slug":"normalistas-se-fueron-del-aeropuerto-de-oaxaca-hasta-que-quisieron","status":"publish","type":"post","link":"https:\/\/zonaroja.com.mx\/?p=26578","title":{"rendered":"Normalistas se fueron del aeropuerto de Oaxaca hasta que quisieron"},"content":{"rendered":"\n<p>Redacci\u00f3n\/Zona Roja.<\/p>\n\n\n\n<p>Oaxaca de Ju\u00e1rez, Oax., 29 de abril de 2021.- Luego de un mes de vandalismo, de cuatro d\u00edas de bloqueo a la terminal a\u00e9rea y a m\u00e1s de 15 horas del acuerdo alcanzado con el gobierno estatal, alrededor de las 01:30 horas de este jueves, estudiantes normalistas se retiraron del acceso al Aeropuerto Internacional \u201cBenito Ju\u00e1rez\u201d de Oaxaca.<\/p>\n\n\n\n<p>Poco antes, alrededor de las 22:00 horas, se quitaron tambi\u00e9n del acceso a la Base A\u00e9rea Militar n\u00famero 15, en que imped\u00edan la salida de las vacunas contra el Covid-19.<\/p>\n\n\n\n<p>Ayer por la ma\u00f1ana en el Centro Cultural y de Convenciones, el director general del Instituto Estatal de Educaci\u00f3n P\u00fablica de Oaxaca, Francisco \u00c1ngel Villarreal, hab\u00eda informado en entrevista colectiva del t\u00e9rmino de la negociaci\u00f3n con los normalistas, luego de unas ocho horas de di\u00e1logo.<\/p>\n\n\n\n<p>Lo mismo confirm\u00f3 el gobernador Alejandro Murat Hinojosa entrevistado por un noticiario de radio a nivel nacional, en que incluso dijo que pronto se retirar\u00eda el bloqueo al aeropuerto.<\/p>\n\n\n\n<p>No obstante, todo el mi\u00e9rcoles permaneci\u00f3 el cierre al acceso a la termina \u2013que hab\u00eda iniciado la ma\u00f1ana del domingo pasado&#8211;, sin demandas espec\u00edficas; seg\u00fan Aeropuertos y Servicios Auxiliares, se habr\u00edan cancelado m\u00e1s de 100 vuelos nacionales e internacionales, con cuantiosas p\u00e9rdidas.<\/p>\n\n\n\n<p>Seg\u00fan el IEEPO, con debida antelaci\u00f3n se hab\u00eda dado respuesta a las demandas formales de los estudiantes normalistas e incluso eran p\u00fablicos, como la asignaci\u00f3n de plazas.<\/p>\n\n\n\n<p>En el caso de ayer, no se dieron a conocer los acuerdos alcanzados con los estudiantes, aglutinados en la Coordinadora Estudiantil Normalista del Estado de Oaxaca (CENEO).<\/p>\n\n\n\n<p>Desde hace casi un mes arrib\u00f3 un centenar de normalistas a la capital, procedentes de diversas regiones y usaron como refugio la sede del Centro Regional de Educaci\u00f3n Normal de Oaxaca (CRENO), en la avenida San Felipe.<\/p>\n\n\n\n<p>Ene se lapso, efectuaron constantemente y de manera violenta \u201ctoma\u201d de camiones del transporte urbano; bloquearon accesos a la supercarretera, as\u00ed como vialidades de la capital. Retuvieron camiones del transporte de mercanc\u00edas y saquearon productos; agredieron a la sociedad y hasta a periodistas; quemaron llantas, vandalizaron oficinas, y en ning\u00fan momento ni la autoridad estatal ni la municipal actu\u00f3 en contra de ellos.<\/p>\n","protected":false},"excerpt":{"rendered":"<p>Redacci\u00f3n\/Zona Roja. Oaxaca de Ju\u00e1rez, Oax., 29 de abril de 2021.- Luego de un mes&hellip;<\/p>\n","protected":false},"author":2,"featured_media":26579,"comment_status":"closed","ping_status":"open","sticky":false,"template":"","format":"standard","meta":{"_lmt_disableupdate":"","_lmt_disable":"","_jetpack_memberships_contains_paid_content":false,"footnotes":""},"categories":[109,47],"tags":[1926],"class_list":["post-26578","post","type-post","status-publish","format-standard","has-post-thumbnail","hentry","category-minuto-a-minuto","category-zona-gris","tag-coordinadora-estudiantil-normalista-del-estado-de-oaxaca-ceneo"],"jetpack_featured_media_url":"https:\/\/zonaroja.com.mx\/wp-content\/uploads\/2021\/04\/Retiran-normalistas-bloqueo.jpg","jetpack_sharing_enabled":true,"_links":{"self":[{"href":"https:\/\/zonaroja.com.mx\/index.php?rest_route=\/wp\/v2\/posts\/26578","targetHints":{"allow":["GET"]}}],"collection":[{"href":"https:\/\/zonaroja.com.mx\/index.php?rest_route=\/wp\/v2\/posts"}],"about":[{"href":"https:\/\/zonaroja.com.mx\/index.php?rest_route=\/wp\/v2\/types\/post"}],"author":[{"embeddable":true,"href":"https:\/\/zonaroja.com.mx\/index.php?rest_route=\/wp\/v2\/users\/2"}],"replies":[{"embeddable":true,"href":"https:\/\/zonaroja.com.mx\/index.php?rest_route=%2Fwp%2Fv2%2Fcomments&post=26578"}],"version-history":[{"count":1,"href":"https:\/\/zonaroja.com.mx\/index.php?rest_route=\/wp\/v2\/posts\/26578\/revisions"}],"predecessor-version":[{"id":26580,"href":"https:\/\/zonaroja.com.mx\/index.php?rest_route=\/wp\/v2\/posts\/26578\/revisions\/26580"}],"wp:featuredmedia":[{"embeddable":true,"href":"https:\/\/zonaroja.com.mx\/index.php?rest_route=\/wp\/v2\/media\/26579"}],"wp:attachment":[{"href":"https:\/\/zonaroja.com.mx\/index.php?rest_route=%2Fwp%2Fv2%2Fmedia&parent=26578"}],"wp:term":[{"taxonomy":"category","embeddable":true,"href":"https:\/\/zonaroja.com.mx\/index.php?rest_route=%2Fwp%2Fv2%2Fcategories&post=26578"},{"taxonomy":"post_tag","embeddable":true,"href":"https:\/\/zonaroja.com.mx\/index.php?rest_route=%2Fwp%2Fv2%2Ftags&post=26578"}],"curies":[{"name":"wp","href":"https:\/\/api.w.org\/{rel}","templated":true}]}}