{"id":26581,"date":"2021-04-29T07:56:01","date_gmt":"2021-04-29T12:56:01","guid":{"rendered":"http:\/\/www.zonaroja.com.mx\/?p=26581"},"modified":"2021-04-29T07:56:04","modified_gmt":"2021-04-29T12:56:04","slug":"confirman-dictamen-para-magistrados-a-favor-de-erika-rodriguez-y-alejandro-magno","status":"publish","type":"post","link":"https:\/\/zonaroja.com.mx\/?p=26581","title":{"rendered":"Confirman dictamen para magistrados a favor de Erika Rodr\u00edguez y Alejandro Magno"},"content":{"rendered":"\n<p>Redacci\u00f3n\/Zona Roja.<\/p>\n\n\n\n<p>Oaxaca de Ju\u00e1rez, Oax., 29 de abril de 2021.- La Comisi\u00f3n Permanente de Administraci\u00f3n y Procuraci\u00f3n de Justicia del Congreso de Oaxaca confirm\u00f3 ayer que hay un dictamen a favor de Ericka Rodr\u00edguez y Alejandro Magno Gonz\u00e1lez para magistrados del Poder Judicial del Estado.<\/p>\n\n\n\n<p>Sin embargo, advirti\u00f3 que deben ser avalados, o en su caso rechazados, en sesi\u00f3n ordinaria del pleno de la 64 Legislatura a m\u00e1s tardar el 3 de mayo, de lo contrario, el Poder Ejecutivo, bajo la titularidad de Alejandro Murat, podr\u00eda designar de manera directa a los dos magistrados.<\/p>\n\n\n\n<p>En un comunicado, dicha Comisi\u00f3n Permanente calific\u00f3 como exitosa la culminaci\u00f3n de su proceso de selecci\u00f3n de las dos magistraturas vacantes en el Tribunal Superior de Justicia del Estado de Oaxaca (TSJE), con la emisi\u00f3n de los dict\u00e1menes respectivos en los que se propone a las personas para ocupar esos cargos.<\/p>\n\n\n\n<p>\u201cEl proceso concluy\u00f3 de manera exitosa con la emisi\u00f3n de dos dict\u00e1menes, en los cuales, con base en los par\u00e1metros de imparcialidad, idoneidad y profesionalismo, se propone al honorable pleno nombrar a la ciudadana Erika Mar\u00eda Rodr\u00edguez Rodr\u00edguez y al ciudadano Alejandro Magno Gonz\u00e1lez Antonio\u201d para fungir como magistrada y magistrado del Tribunal Superior de Justicia por un periodo de ocho a\u00f1os.<\/p>\n\n\n\n<p>Agreg\u00f3 que los dict\u00e1menes fueron registrados en tiempo y forma el lunes pasado, de manera que ahora, dado que el Congreso est\u00e1 en periodo constitucional de receso, corresponde a la Diputaci\u00f3n Permanente convocar a un periodo extraordinario para que el pleno tenga oportunidad de votar los dict\u00e1menes aprobados por la Comisi\u00f3n.<\/p>\n\n\n\n<p>\u201cEsta Comisi\u00f3n Permanente desahog\u00f3 de manera satisfactoria\u201d lo previsto en los art\u00edculos 59, fracci\u00f3n XXVIII, 101 y 102 de la Constituci\u00f3n Pol\u00edtica del Estado Libre y Soberano de Oaxaca, as\u00ed como el art\u00edculo 42 fracci\u00f3n II del Reglamento interior del Congreso del Estado de Oaxaca, destac\u00f3 el comunicado.<\/p>\n\n\n\n<p>Explic\u00f3 que las legisladoras y el legislador integrantes de la Comisi\u00f3n Permanente analizaron a detalle los perfiles de las personas que integraron las dos ternas que fueron remitidas por el gobernador del estado, quienes posteriormente comparecieron ante la propia Comisi\u00f3n, para que \u00e9sta tuviera oportunidad de escuchar sus planteamientos y desahogar sus dudas y cuestionamientos.<\/p>\n\n\n\n<p>La Comisi\u00f3n Permanente de Administraci\u00f3n y Procuraci\u00f3n de Justicia es presidida por la diputada Elisa Zepeda Lagunas, y la integran tambi\u00e9n las diputadas Magaly L\u00f3pez Dom\u00ednguez, Karina Espino Carmona, Mar\u00eda Lilia Arcelia Mendoza Cruz y el diputado No\u00e9 Doroteo Castillejos.<\/p>\n\n\n\n<p>Expuso finalmente que el plazo para que el Congreso designe a las personas que ocupar\u00e1n las magistraturas vence el pr\u00f3ximo lunes 3 de mayo, fecha en la que a m\u00e1s tardar deber\u00e1 sesionar el Congreso del Estado, pues de lo contrario el gobernador podr\u00e1 nombrarlas a su arbitrio, de entre las ternas que previamente envi\u00f3.<\/p>\n","protected":false},"excerpt":{"rendered":"<p>Redacci\u00f3n\/Zona Roja. Oaxaca de Ju\u00e1rez, Oax., 29 de abril de 2021.- La Comisi\u00f3n Permanente de&hellip;<\/p>\n","protected":false},"author":2,"featured_media":7605,"comment_status":"closed","ping_status":"open","sticky":false,"template":"","format":"standard","meta":{"_lmt_disableupdate":"","_lmt_disable":"","_jetpack_memberships_contains_paid_content":false,"footnotes":""},"categories":[109,46],"tags":[213],"class_list":["post-26581","post","type-post","status-publish","format-standard","has-post-thumbnail","hentry","category-minuto-a-minuto","category-zona-blanca","tag-64-legislatura-de-oaxaca"],"jetpack_featured_media_url":"https:\/\/zonaroja.com.mx\/wp-content\/uploads\/2020\/01\/C\u00e1mara-de-Diputados-Oax-5.jpg","jetpack_sharing_enabled":true,"_links":{"self":[{"href":"https:\/\/zonaroja.com.mx\/index.php?rest_route=\/wp\/v2\/posts\/26581","targetHints":{"allow":["GET"]}}],"collection":[{"href":"https:\/\/zonaroja.com.mx\/index.php?rest_route=\/wp\/v2\/posts"}],"about":[{"href":"https:\/\/zonaroja.com.mx\/index.php?rest_route=\/wp\/v2\/types\/post"}],"author":[{"embeddable":true,"href":"https:\/\/zonaroja.com.mx\/index.php?rest_route=\/wp\/v2\/users\/2"}],"replies":[{"embeddable":true,"href":"https:\/\/zonaroja.com.mx\/index.php?rest_route=%2Fwp%2Fv2%2Fcomments&post=26581"}],"version-history":[{"count":1,"href":"https:\/\/zonaroja.com.mx\/index.php?rest_route=\/wp\/v2\/posts\/26581\/revisions"}],"predecessor-version":[{"id":26582,"href":"https:\/\/zonaroja.com.mx\/index.php?rest_route=\/wp\/v2\/posts\/26581\/revisions\/26582"}],"wp:featuredmedia":[{"embeddable":true,"href":"https:\/\/zonaroja.com.mx\/index.php?rest_route=\/wp\/v2\/media\/7605"}],"wp:attachment":[{"href":"https:\/\/zonaroja.com.mx\/index.php?rest_route=%2Fwp%2Fv2%2Fmedia&parent=26581"}],"wp:term":[{"taxonomy":"category","embeddable":true,"href":"https:\/\/zonaroja.com.mx\/index.php?rest_route=%2Fwp%2Fv2%2Fcategories&post=26581"},{"taxonomy":"post_tag","embeddable":true,"href":"https:\/\/zonaroja.com.mx\/index.php?rest_route=%2Fwp%2Fv2%2Ftags&post=26581"}],"curies":[{"name":"wp","href":"https:\/\/api.w.org\/{rel}","templated":true}]}}