{"id":26583,"date":"2021-04-29T08:13:01","date_gmt":"2021-04-29T13:13:01","guid":{"rendered":"http:\/\/www.zonaroja.com.mx\/?p=26583"},"modified":"2021-04-29T08:13:04","modified_gmt":"2021-04-29T13:13:04","slug":"nuevo-partido-fuerza-por-mexico-vulnera-derechos-de-sus-militantes-en-oaxaca","status":"publish","type":"post","link":"https:\/\/zonaroja.com.mx\/?p=26583","title":{"rendered":"Nuevo partido Fuerza por M\u00e9xico vulnera derechos de sus militantes en Oaxaca"},"content":{"rendered":"\n<p>Redacci\u00f3n\/Zona Roja.<\/p>\n\n\n\n<p>Oaxaca de Ju\u00e1rez, Oax., a 29 de abril de 2021.- El reci\u00e9n conformado Partido Fuerza Por M\u00e9xico, que en Oaxaca encabeza Salom\u00e9 Mart\u00ednez Salazar, tambi\u00e9n los derechos de sus militantes.<\/p>\n\n\n\n<p>En sesi\u00f3n p\u00fablica realizada por videoconferencia, el pleno del Tribunal Electoral del Estado de Oaxaca (TEEO) determin\u00f3 ayer que este instituto pol\u00edtico vulner\u00f3 los derechos a una tutela judicial efectiva, de V\u00edctor Hugo Ortiz Tello, quien se ostenta como aspirante a candidato a presidente municipal de Santa Luc\u00eda del Camino.<\/p>\n\n\n\n<p>En la sentencia del Juicio para la Protecci\u00f3n de los Derechos Pol\u00edtico Electorales del Ciudadano, identificado con la clave JDC\/120\/2021, por unanimidad, determinaron que la responsable, no dio tr\u00e1mite al recurso de inconformidad interpuesto por el actor, y mucho menos notific\u00f3 acuerdo alguno.<\/p>\n\n\n\n<p>Expusieron que, del an\u00e1lisis de las constancias remitidas por el partido pol\u00edtico, se advirti\u00f3 que estas fueron prefabricadas, ya que estas documentales no generan certeza a este Tribunal para tener por acreditado el tr\u00e1mite del recurso interpuesto por el actor, toda vez que hay fechas que discrepan de los hechos acontecidos en el presente asunto.<\/p>\n\n\n\n<p>El promovente denunci\u00f3 la omisi\u00f3n y\/o negativa de la Comisi\u00f3n Nacional de Legalidad y Justicia del partido Fuerza por M\u00e9xico, de dar tr\u00e1mite y resolver el fondo de su recurso de inconformidad interpuesto el uno de abril pasado.<\/p>\n\n\n\n<p>En consecuencia, este \u00f3rgano jurisdiccional orden\u00f3 a Fuerza por M\u00e9xico atender el recurso presentado por Ortiz Tello.<\/p>\n\n\n\n<p>En la misma resoluci\u00f3n, el TEEO sobresey\u00f3 el presente juicio \u00fanicamente por cuanto hace a la responsabilidad del Comit\u00e9 Directivo Estatal de Fuerza por M\u00e9xico en Oaxaca en este asunto, toda vez que se advierte que, por estatutos, la Comisi\u00f3n Nacional de Legalidad y Justicia de ese partido, es la \u00fanica instancia para resolver los procedimientos de justicia intrapartidaria e imponer sanciones.<\/p>\n\n\n\n<p>Respecto al agravio consistente en la indebida fundamentaci\u00f3n y motivaci\u00f3n de la responsable de solicitar el registro de una persona de un partido distinto, sin analizar que el actor tiene el mejor derecho para ser registrado como candidato a presidente municipal de Santa Luc\u00eda del Camino; el Pleno lo declar\u00f3 inoperante, ya que ese instituto pol\u00edtico a\u00fan no ha efectuado un pronunciamiento al respecto.<\/p>\n","protected":false},"excerpt":{"rendered":"<p>Redacci\u00f3n\/Zona Roja. Oaxaca de Ju\u00e1rez, Oax., a 29 de abril de 2021.- El reci\u00e9n conformado&hellip;<\/p>\n","protected":false},"author":2,"featured_media":26584,"comment_status":"closed","ping_status":"open","sticky":false,"template":"","format":"standard","meta":{"_lmt_disableupdate":"","_lmt_disable":"","_jetpack_memberships_contains_paid_content":false,"footnotes":""},"categories":[109,47],"tags":[2368],"class_list":["post-26583","post","type-post","status-publish","format-standard","has-post-thumbnail","hentry","category-minuto-a-minuto","category-zona-gris","tag-fuerza-por-mexico"],"jetpack_featured_media_url":"https:\/\/zonaroja.com.mx\/wp-content\/uploads\/2021\/04\/Fuerza-por-Mexic.jpg","jetpack_sharing_enabled":true,"_links":{"self":[{"href":"https:\/\/zonaroja.com.mx\/index.php?rest_route=\/wp\/v2\/posts\/26583","targetHints":{"allow":["GET"]}}],"collection":[{"href":"https:\/\/zonaroja.com.mx\/index.php?rest_route=\/wp\/v2\/posts"}],"about":[{"href":"https:\/\/zonaroja.com.mx\/index.php?rest_route=\/wp\/v2\/types\/post"}],"author":[{"embeddable":true,"href":"https:\/\/zonaroja.com.mx\/index.php?rest_route=\/wp\/v2\/users\/2"}],"replies":[{"embeddable":true,"href":"https:\/\/zonaroja.com.mx\/index.php?rest_route=%2Fwp%2Fv2%2Fcomments&post=26583"}],"version-history":[{"count":1,"href":"https:\/\/zonaroja.com.mx\/index.php?rest_route=\/wp\/v2\/posts\/26583\/revisions"}],"predecessor-version":[{"id":26585,"href":"https:\/\/zonaroja.com.mx\/index.php?rest_route=\/wp\/v2\/posts\/26583\/revisions\/26585"}],"wp:featuredmedia":[{"embeddable":true,"href":"https:\/\/zonaroja.com.mx\/index.php?rest_route=\/wp\/v2\/media\/26584"}],"wp:attachment":[{"href":"https:\/\/zonaroja.com.mx\/index.php?rest_route=%2Fwp%2Fv2%2Fmedia&parent=26583"}],"wp:term":[{"taxonomy":"category","embeddable":true,"href":"https:\/\/zonaroja.com.mx\/index.php?rest_route=%2Fwp%2Fv2%2Fcategories&post=26583"},{"taxonomy":"post_tag","embeddable":true,"href":"https:\/\/zonaroja.com.mx\/index.php?rest_route=%2Fwp%2Fv2%2Ftags&post=26583"}],"curies":[{"name":"wp","href":"https:\/\/api.w.org\/{rel}","templated":true}]}}