{"id":26586,"date":"2021-04-29T08:32:06","date_gmt":"2021-04-29T13:32:06","guid":{"rendered":"http:\/\/www.zonaroja.com.mx\/?p=26586"},"modified":"2021-04-29T08:32:09","modified_gmt":"2021-04-29T13:32:09","slug":"hay-nuevo-candidato-en-michoacan-felix-salgado-quiere-poner-a-su-hija","status":"publish","type":"post","link":"https:\/\/zonaroja.com.mx\/?p=26586","title":{"rendered":"Hay nuevo candidato en Michoac\u00e1n; F\u00e9lix Salgado quiere poner a su hija"},"content":{"rendered":"\n<p>Redacci\u00f3n\/Zona Roja Cdmx.<\/p>\n\n\n\n<p>Ciudad de M\u00e9xico, 29 de abril de 2021.- Alfredo Ram\u00edrez Bedolla ser\u00e1 el nuevo candidato del Partido Morena a la gubernatura del estado de Michoac\u00e1n, en sustituci\u00f3n de Ra\u00fal Mor\u00f3n.<\/p>\n\n\n\n<p>En tanto, en Guerrero se confirm\u00f3 que postular\u00e1n a una mujer; sin embargo, morenistas y F\u00e9lix Salgado Macedonio pretenden dejar como aspirante a su hija, Evelyn Salgado, nombre que corearon ayer en un mitin.<\/p>\n\n\n\n<p>A Salgado Macedonio y Mor\u00f3n, el Instituto Nacional Electoral les retir\u00f3 la candidatura por no cumplir con entregar sus estados de cuenta de precampa\u00f1a; el dictamen lo confirm\u00f3 el martes el Tribunal Electoral del Poder Judicial de la Federaci\u00f3n.<\/p>\n\n\n\n<p>Ayer en Michoac\u00e1n, Mario Delgado, dirigente nacional de Morena, habl\u00f3 de la designaci\u00f3n de Ram\u00edrez Bedolla, y expuso que es fundador del partido en la entidad, as\u00ed como diputado local, integrante del primer Comit\u00e9 Ejecutivo Nacional de Morena y ha acompa\u00f1ado a Andr\u00e9s Manuel L\u00f3pez Obrador durante 20 a\u00f1os.&nbsp;<\/p>\n\n\n\n<p>Mientras que Ra\u00fal Mor\u00f3n fue nombrado dirigente estatal de Morena en Michoac\u00e1n, a\u00f1adi\u00f3 Mario Delgado, presidente nacional del partido y adelanto que Salgado Macedonio ser\u00e1 designado como delegado con funciones de dirigente en Guerrero.<\/p>\n\n\n\n<p>En tanto, Evelyn Salgado est\u00e1 casada con Alfredo Alonso, hijo del empresario porte\u00f1o Joaqu\u00edn Alonso Piedra, detenido en julio de 2016, acusado de ser el operador del c\u00e1rtel de los Beltr\u00e1n Leyva en Acapulco, de acuerdo con \u201cProceso\u201d.<\/p>\n\n\n\n<p>\u201cMe llamo Evelyn Salgado Pineda, no \u2018Juanita\u2019. Aqu\u00ed no hay plan B ni C. Apoyo a mi padre F\u00e9lix Salgado Macedonio hasta el final, tope a donde tope. Mi padre es insustituible, es \u00fanico. Un luchador social amado por su familia y su pueblo. \u00a1Hay toro!\u201d, escribi\u00f3 en su perfil de Facebook.<\/p>\n\n\n\n<p>(Informaci\u00f3n de agencias)<\/p>\n","protected":false},"excerpt":{"rendered":"<p>Redacci\u00f3n\/Zona Roja Cdmx. Ciudad de M\u00e9xico, 29 de abril de 2021.- Alfredo Ram\u00edrez Bedolla ser\u00e1&hellip;<\/p>\n","protected":false},"author":2,"featured_media":26587,"comment_status":"closed","ping_status":"open","sticky":false,"template":"","format":"standard","meta":{"_lmt_disableupdate":"","_lmt_disable":"","_jetpack_memberships_contains_paid_content":false,"footnotes":""},"categories":[109,47],"tags":[2352],"class_list":["post-26586","post","type-post","status-publish","format-standard","has-post-thumbnail","hentry","category-minuto-a-minuto","category-zona-gris","tag-felix-salgado-macedonio"],"jetpack_featured_media_url":"https:\/\/zonaroja.com.mx\/wp-content\/uploads\/2021\/04\/evelyn-hija-de-felix-salgado-macedonio.jpg","jetpack_sharing_enabled":true,"_links":{"self":[{"href":"https:\/\/zonaroja.com.mx\/index.php?rest_route=\/wp\/v2\/posts\/26586","targetHints":{"allow":["GET"]}}],"collection":[{"href":"https:\/\/zonaroja.com.mx\/index.php?rest_route=\/wp\/v2\/posts"}],"about":[{"href":"https:\/\/zonaroja.com.mx\/index.php?rest_route=\/wp\/v2\/types\/post"}],"author":[{"embeddable":true,"href":"https:\/\/zonaroja.com.mx\/index.php?rest_route=\/wp\/v2\/users\/2"}],"replies":[{"embeddable":true,"href":"https:\/\/zonaroja.com.mx\/index.php?rest_route=%2Fwp%2Fv2%2Fcomments&post=26586"}],"version-history":[{"count":1,"href":"https:\/\/zonaroja.com.mx\/index.php?rest_route=\/wp\/v2\/posts\/26586\/revisions"}],"predecessor-version":[{"id":26588,"href":"https:\/\/zonaroja.com.mx\/index.php?rest_route=\/wp\/v2\/posts\/26586\/revisions\/26588"}],"wp:featuredmedia":[{"embeddable":true,"href":"https:\/\/zonaroja.com.mx\/index.php?rest_route=\/wp\/v2\/media\/26587"}],"wp:attachment":[{"href":"https:\/\/zonaroja.com.mx\/index.php?rest_route=%2Fwp%2Fv2%2Fmedia&parent=26586"}],"wp:term":[{"taxonomy":"category","embeddable":true,"href":"https:\/\/zonaroja.com.mx\/index.php?rest_route=%2Fwp%2Fv2%2Fcategories&post=26586"},{"taxonomy":"post_tag","embeddable":true,"href":"https:\/\/zonaroja.com.mx\/index.php?rest_route=%2Fwp%2Fv2%2Ftags&post=26586"}],"curies":[{"name":"wp","href":"https:\/\/api.w.org\/{rel}","templated":true}]}}