{"id":2659,"date":"2019-07-31T10:02:09","date_gmt":"2019-07-31T15:02:09","guid":{"rendered":"http:\/\/www.zonaroja.com.mx\/?p=2659"},"modified":"2019-07-30T22:10:37","modified_gmt":"2019-07-31T03:10:37","slug":"usa-gobierno-vehiculo-oficial-para-promover-a-un-particular","status":"publish","type":"post","link":"https:\/\/zonaroja.com.mx\/?p=2659","title":{"rendered":"Usa gobierno veh\u00edculo oficial para promover a un particular"},"content":{"rendered":"\n<p>Ismael\nGarc\u00eda M.<\/p>\n\n\n\n<p>Oaxaca de\nJu\u00e1rez, Oax., 31 de julio de 2019.- El Secretariado Ejecutivo del Sistema\nEstatal de Seguridad P\u00fablica (SESESP) de Oaxaca destin\u00f3 un veh\u00edculo oficial\npara promover la imagen de Pavel L\u00f3pez G\u00f3mez, ex legislador local, ex funcionario\nmunicipal y actualmente regidor capitalino.<\/p>\n\n\n\n<p>Se trata de\nuna camioneta con cabina cerrada, color blanca, y balizada con im\u00e1genes de un\nprograma denominado \u201cEl escuadr\u00f3n de los valientes\u201d pero que se distingue por\nllevar el nombre de P\u00e1vel L\u00f3pez a los costados.<\/p>\n\n\n\n<p>Mientras que en la parte de atr\u00e1s dicho nombre ocupa pr\u00e1cticamente toda la cabina con el color guinda que usa el Partido Morena, adem\u00e1s de que est\u00e1 rotulado con las cuentas de Facebook, Twitter e Instagram de dicha persona, que de acuerdo con las fuentes consultadas, no ocupa un cargo oficial a nivel estatal, sino municipal.<\/p>\n\n\n\n<figure class=\"wp-block-embed-twitter wp-block-embed is-type-rich is-provider-twitter\"><div class=\"wp-block-embed__wrapper\">\n<div class=\"twitter-tweet\"><blockquote class=\"twitter-tweet\" data-lang=\"es\"><p lang=\"es\" dir=\"ltr\"><a href=\"https:\/\/twitter.com\/hashtag\/OaxacaGris?src=hash&amp;ref_src=twsrc%5Etfw\">#OaxacaGris<\/a><br>\u00bfPor qu\u00e9 un veh\u00edculo oficial del <a href=\"https:\/\/twitter.com\/SESESP_GobOax?ref_src=twsrc%5Etfw\">@SESESP_GobOax<\/a> <a href=\"https:\/\/twitter.com\/SSP_GobOax?ref_src=twsrc%5Etfw\">@SSP_GobOax<\/a> promueve a P\u00e1vel L\u00f3pez G\u00f3mez? La unidad fue hallada ayer en inmediaciones de Santa Luc\u00eda del Camino. Su titular Jos\u00e9 Manuel Ver\u00e1 Salinas deber\u00e1 explicar presunto proselitismo. <a href=\"https:\/\/twitter.com\/IEEPCO?ref_src=twsrc%5Etfw\">@IEEPCO<\/a> <a href=\"https:\/\/twitter.com\/INE_Oaxaca?ref_src=twsrc%5Etfw\">@INE_Oaxaca<\/a> <a href=\"https:\/\/t.co\/zKPAspo9f5\">pic.twitter.com\/zKPAspo9f5<\/a><\/p>&mdash; Zona Roja Oaxaca (@MexRoja) <a href=\"https:\/\/twitter.com\/MexRoja\/status\/1156238320265048065?ref_src=twsrc%5Etfw\">30 de julio de 2019<\/a><\/blockquote><\/div>\n<\/div><\/figure>\n\n\n\n<p>La camioneta\ncon placas de circulaci\u00f3n 59-59-CK tambi\u00e9n tiene el logotipo de SESESP pero en\nletra menores. El organismo lo dirige el teniente Jos\u00e9 Manuel Vera Salinas y es\nel responsable de administrar los recursos presupuestales para los rubros de\nseguridad y justicia.<\/p>\n\n\n\n<p>Pavel Renato\nL\u00f3pez G\u00f3mez es regidor de Imagen, Desarrollo Urbano y Obras P\u00fablicas y de\nCentro Hist\u00f3rico y Patrimonio Mundial, del ayuntamiento de Oaxaca de Ju\u00e1rez.<\/p>\n\n\n\n<p>En su cuenta\nde Twitter, el jueves 25 de julio difundi\u00f3 fotograf\u00edas de una reuni\u00f3n con el\nsiguiente texto: Con vecinos de la col. Jardines, continuamos platicando y\nreforzando los trabajos de Morena en nuestro municipio, solo en unidad ciudadana,\nlograremos cambios verdaderos en la reconstrucci\u00f3n de nuestro estado y pa\u00eds\u201d.\nFue militante del Partido del Trabajo y actualmente de Morena.<\/p>\n\n\n\n<p>La camioneta se encontr\u00f3 estacionada por varias horas este lunes en la calle Calicanto de la colonia Del Bosque, Santa Luc\u00eda del Camino, municipio conurbado a la capital.<\/p>\n\n\n\n<figure class=\"wp-block-embed-twitter wp-block-embed is-type-rich is-provider-twitter\"><div class=\"wp-block-embed__wrapper\">\n<div class=\"twitter-tweet\"><blockquote class=\"twitter-tweet\" data-lang=\"es\"><p lang=\"es\" dir=\"ltr\">Con vecinos de la Col. Jardines, continuamos platicando y reforzando los trabajos de <a href=\"https:\/\/twitter.com\/hashtag\/Morena?src=hash&amp;ref_src=twsrc%5Etfw\">#Morena<\/a> en nuestro municipio, solo en unidad ciudadana, lograremos cambios verdaderos en la reconstrucci\u00f3n de nuestro estado y pa\u00eds.<a href=\"https:\/\/twitter.com\/hashtag\/OaxacaEsMorena?src=hash&amp;ref_src=twsrc%5Etfw\">#OaxacaEsMorena<\/a><a href=\"https:\/\/twitter.com\/hashtag\/MiTrabajoEsContigo?src=hash&amp;ref_src=twsrc%5Etfw\">#MiTrabajoEsContigo<\/a> <a href=\"https:\/\/twitter.com\/salomonj?ref_src=twsrc%5Etfw\">@salomonj<\/a> <a href=\"https:\/\/twitter.com\/JesusRomero_Oax?ref_src=twsrc%5Etfw\">@JesusRomero_Oax<\/a> <a href=\"https:\/\/t.co\/wzYTxVTmem\">pic.twitter.com\/wzYTxVTmem<\/a><\/p>&mdash; Pavel L\u00f3pez G\u00f3mez (@pavellopezgomez) <a href=\"https:\/\/twitter.com\/pavellopezgomez\/status\/1154553461670862849?ref_src=twsrc%5Etfw\">26 de julio de 2019<\/a><\/blockquote><\/div>\n<\/div><\/figure>\n","protected":false},"excerpt":{"rendered":"<p>Ismael Garc\u00eda M. Oaxaca de Ju\u00e1rez, Oax., 31 de julio de 2019.- El Secretariado Ejecutivo&hellip;<\/p>\n","protected":false},"author":2,"featured_media":2660,"comment_status":"closed","ping_status":"open","sticky":false,"template":"","format":"standard","meta":{"_lmt_disableupdate":"","_lmt_disable":"","_jetpack_memberships_contains_paid_content":false,"footnotes":""},"categories":[109,47],"tags":[437],"class_list":["post-2659","post","type-post","status-publish","format-standard","has-post-thumbnail","hentry","category-minuto-a-minuto","category-zona-gris","tag-pavel-lopez-gomez-sesesp"],"jetpack_featured_media_url":"https:\/\/zonaroja.com.mx\/wp-content\/uploads\/2019\/07\/IMG_4280.jpg","jetpack_sharing_enabled":true,"_links":{"self":[{"href":"https:\/\/zonaroja.com.mx\/index.php?rest_route=\/wp\/v2\/posts\/2659","targetHints":{"allow":["GET"]}}],"collection":[{"href":"https:\/\/zonaroja.com.mx\/index.php?rest_route=\/wp\/v2\/posts"}],"about":[{"href":"https:\/\/zonaroja.com.mx\/index.php?rest_route=\/wp\/v2\/types\/post"}],"author":[{"embeddable":true,"href":"https:\/\/zonaroja.com.mx\/index.php?rest_route=\/wp\/v2\/users\/2"}],"replies":[{"embeddable":true,"href":"https:\/\/zonaroja.com.mx\/index.php?rest_route=%2Fwp%2Fv2%2Fcomments&post=2659"}],"version-history":[{"count":1,"href":"https:\/\/zonaroja.com.mx\/index.php?rest_route=\/wp\/v2\/posts\/2659\/revisions"}],"predecessor-version":[{"id":2661,"href":"https:\/\/zonaroja.com.mx\/index.php?rest_route=\/wp\/v2\/posts\/2659\/revisions\/2661"}],"wp:featuredmedia":[{"embeddable":true,"href":"https:\/\/zonaroja.com.mx\/index.php?rest_route=\/wp\/v2\/media\/2660"}],"wp:attachment":[{"href":"https:\/\/zonaroja.com.mx\/index.php?rest_route=%2Fwp%2Fv2%2Fmedia&parent=2659"}],"wp:term":[{"taxonomy":"category","embeddable":true,"href":"https:\/\/zonaroja.com.mx\/index.php?rest_route=%2Fwp%2Fv2%2Fcategories&post=2659"},{"taxonomy":"post_tag","embeddable":true,"href":"https:\/\/zonaroja.com.mx\/index.php?rest_route=%2Fwp%2Fv2%2Ftags&post=2659"}],"curies":[{"name":"wp","href":"https:\/\/api.w.org\/{rel}","templated":true}]}}