{"id":26590,"date":"2021-04-29T08:36:48","date_gmt":"2021-04-29T13:36:48","guid":{"rendered":"http:\/\/www.zonaroja.com.mx\/?p=26590"},"modified":"2021-04-29T08:36:51","modified_gmt":"2021-04-29T13:36:51","slug":"ahora-morena-postula-a-candidato-a-edil-en-michoacan-buscado-por-la-dea","status":"publish","type":"post","link":"https:\/\/zonaroja.com.mx\/?p=26590","title":{"rendered":"Ahora Morena postula a candidato a edil en Michoac\u00e1n\u2026 buscado por la DEA"},"content":{"rendered":"\n<p>Redacci\u00f3n\/Zona Roja Cdmx.<\/p>\n\n\n\n<p>Ciudad de M\u00e9xico, 29 de abril de 2021.- Rogelio Portillo Jaramillo, candidato a la alcald\u00eda de Huetamo, Michoac\u00e1n, por Morena y el Partido del Trabajo, es uno de los fugitivos m\u00e1s buscados por la Administraci\u00f3n del Control de Drogas (DEA) acusado de conspiraci\u00f3n para distribuir narc\u00f3ticos en EEUU.<\/p>\n\n\n\n<p>\u201cEl Canario\u201d, como es conocido en la regi\u00f3n por la actividad musical a que se dedica su padre, Edilberto Portillo Mendoza, competir\u00e1 en las pr\u00f3ximas elecciones del 6 de junio pese a que su ficha de b\u00fasqueda sigue vigente, es decir, en calidad de pr\u00f3fugo de la justicia.<\/p>\n\n\n\n<p>Contactado por Infobae M\u00e9xico, el candidato no ofreci\u00f3 una respuesta oportuna a trav\u00e9s de su equipo de campa\u00f1a, sin embargo, la DEA indic\u00f3 que si se trataba del mismo personaje en fotograf\u00edas y nombre, no hab\u00eda dudas sobre su identificaci\u00f3n.<\/p>\n\n\n\n<p>En conferencia a medios locales este 26 de abril reciente, Portillo Jaramillo dijo que \u00e9l personalmente hab\u00eda llamado a la agencia antidrogas para saber si era buscado, a lo cual, supuestamente, le respondieron que no, seg\u00fan consign\u00f3 el portal calentano Siglo Veinte.<\/p>\n\n\n\n<p>Agreg\u00f3 que al registrarse como aspirante y candidato oficial present\u00f3 una carta de no antecedentes penales a nivel estatal y federal. En caso de que tuviera una orden de arresto en su contra, argument\u00f3, no hubiese podido contender por la alcald\u00eda.<\/p>\n\n\n\n<p>De acuerdo con su ficha, \u201cEl Canario\u201d debe ser considerado armado y peligroso, tiene ojos verdes, piel blanca y ronda los 41 a\u00f1os. La \u00faltima direcci\u00f3n conocida de Portillo Jaramillo fue en Houston, Texas.<\/p>\n\n\n\n<p>El cargo por el que se le acusa est\u00e1 en el cap\u00edtulo 21 del C\u00f3digo de EEUU sobre actividades il\u00edcitas en materia de drogas, en espec\u00edfico, lo dispuesto en el apartado 846 sobre el intento y conspiraci\u00f3n para importar, distribuir y fabricar drogas.<\/p>\n\n\n\n<p>Pero en palabras de Rogelio Portillo Jaramillo todo se trata de guerra sucia y golpeteo de sus competidores. Adem\u00e1s sugiri\u00f3 que a Huetamo no le hac\u00edan falta \u201cchismosos\u201d ni \u201ccriticones\u201d sino gente con propuestas para el bienestar del municipio. Advirti\u00f3 que las mentiras sobre su b\u00fasqueda en la DEA eran para frenar al movimiento que encabeza, seg\u00fan public\u00f3 NCB Noticias.<\/p>\n\n\n\n<p>De acuerdo con su ficha, \u201cEl Canario\u201d debe ser considerado armado y peligroso, tiene ojos verdes, piel blanca y ronda los 41 a\u00f1os. La \u00faltima direcci\u00f3n conocida de Portillo Jaramillo fue en Houston, Texas.<\/p>\n\n\n\n<p>El cargo por el que se le acusa est\u00e1 en el cap\u00edtulo 21 del C\u00f3digo de EEUU sobre actividades il\u00edcitas en materia de drogas, en espec\u00edfico, lo dispuesto en el apartado 846 sobre el intento y conspiraci\u00f3n para importar, distribuir y fabricar drogas.<\/p>\n\n\n\n<p>Pero en palabras de Rogelio Portillo Jaramillo todo se trata de guerra sucia y golpeteo de sus competidores. Adem\u00e1s sugiri\u00f3 que a Huetamo no le hac\u00edan falta \u201cchismosos\u201d ni \u201ccriticones\u201d sino gente con propuestas para el bienestar del municipio. Advirti\u00f3 que las mentiras sobre su b\u00fasqueda en la DEA eran para frenar al movimiento que encabeza, seg\u00fan public\u00f3 NCB Noticias.<\/p>\n\n\n\n<p>(Informaci\u00f3n de \u201cInfobae\u201d)<\/p>\n","protected":false},"excerpt":{"rendered":"<p>Redacci\u00f3n\/Zona Roja Cdmx. Ciudad de M\u00e9xico, 29 de abril de 2021.- Rogelio Portillo Jaramillo, candidato&hellip;<\/p>\n","protected":false},"author":2,"featured_media":26591,"comment_status":"closed","ping_status":"open","sticky":false,"template":"","format":"standard","meta":{"_lmt_disableupdate":"","_lmt_disable":"","_jetpack_memberships_contains_paid_content":false,"footnotes":""},"categories":[109,47],"tags":[2635],"class_list":["post-26590","post","type-post","status-publish","format-standard","has-post-thumbnail","hentry","category-minuto-a-minuto","category-zona-gris","tag-rogelio-portillo-jaramillo"],"jetpack_featured_media_url":"https:\/\/zonaroja.com.mx\/wp-content\/uploads\/2021\/04\/Jaramillo-Rogelio-Portillo.jpg","jetpack_sharing_enabled":true,"_links":{"self":[{"href":"https:\/\/zonaroja.com.mx\/index.php?rest_route=\/wp\/v2\/posts\/26590","targetHints":{"allow":["GET"]}}],"collection":[{"href":"https:\/\/zonaroja.com.mx\/index.php?rest_route=\/wp\/v2\/posts"}],"about":[{"href":"https:\/\/zonaroja.com.mx\/index.php?rest_route=\/wp\/v2\/types\/post"}],"author":[{"embeddable":true,"href":"https:\/\/zonaroja.com.mx\/index.php?rest_route=\/wp\/v2\/users\/2"}],"replies":[{"embeddable":true,"href":"https:\/\/zonaroja.com.mx\/index.php?rest_route=%2Fwp%2Fv2%2Fcomments&post=26590"}],"version-history":[{"count":1,"href":"https:\/\/zonaroja.com.mx\/index.php?rest_route=\/wp\/v2\/posts\/26590\/revisions"}],"predecessor-version":[{"id":26592,"href":"https:\/\/zonaroja.com.mx\/index.php?rest_route=\/wp\/v2\/posts\/26590\/revisions\/26592"}],"wp:featuredmedia":[{"embeddable":true,"href":"https:\/\/zonaroja.com.mx\/index.php?rest_route=\/wp\/v2\/media\/26591"}],"wp:attachment":[{"href":"https:\/\/zonaroja.com.mx\/index.php?rest_route=%2Fwp%2Fv2%2Fmedia&parent=26590"}],"wp:term":[{"taxonomy":"category","embeddable":true,"href":"https:\/\/zonaroja.com.mx\/index.php?rest_route=%2Fwp%2Fv2%2Fcategories&post=26590"},{"taxonomy":"post_tag","embeddable":true,"href":"https:\/\/zonaroja.com.mx\/index.php?rest_route=%2Fwp%2Fv2%2Ftags&post=26590"}],"curies":[{"name":"wp","href":"https:\/\/api.w.org\/{rel}","templated":true}]}}