{"id":26594,"date":"2021-04-29T08:41:05","date_gmt":"2021-04-29T13:41:05","guid":{"rendered":"http:\/\/www.zonaroja.com.mx\/?p=26594"},"modified":"2021-04-29T08:43:40","modified_gmt":"2021-04-29T13:43:40","slug":"piden-mujeres-reconocimiento-de-sus-derechos-agrarios-y-cese-a-la-violencia","status":"publish","type":"post","link":"https:\/\/zonaroja.com.mx\/?p=26594","title":{"rendered":"Piden mujeres reconocimiento de sus derechos agrarios y cese a la violencia"},"content":{"rendered":"\n<p>Evlin Arag\u00f3n\/Zona Roja.<\/p>\n\n\n\n<p>Oaxaca de Ju\u00e1rez, Oax., 29 de abril de 2021.- Mujeres de por lo menos diez localidades de la Costa oaxaque\u00f1a exigieron a las autoridades comunales, ejidales, estatales y federales, el reconocimiento de sus derechos y la participaci\u00f3n en los cargos agrarios al interior de los pueblos y comunidades de la regi\u00f3n.&nbsp;<\/p>\n\n\n\n<p>o anterior como parte de los resultados del foro \u201cRetos para el ejercicio de los derechos agrarios de las mujeres\u201d, realizado el pasado 25 de abril en el municipio de Pinotepa de Don Luis, con la finalidad de reflexionar en torno a la defensa del territorio y el reconocimiento de las comuneras.&nbsp;<\/p>\n\n\n\n<p>De acuerdo con lo expuesto en el pronunciamiento emitido y de manera particular, exigieron a sus respectivas asambleas el reconocimiento de las mujeres como titulares de derechos agrarios y su ejercicio dentro de los ejidos o comunidades agrarias, a trav\u00e9s de incorporar el tema en los estatutos y reglamentos internos.&nbsp;<\/p>\n\n\n\n<p>En este mismo sentido, urgieron al Estado, a trav\u00e9s de los \u00f3rganos responsables de aplicar la pol\u00edtica agraria, a actuar de manera constructiva, responsable y formal ante la inclusi\u00f3n y reconocimiento de los derechos de las mujeres, que hist\u00f3ricamente han sido relegada, dejando atr\u00e1s la simulaci\u00f3n, omisi\u00f3n y evasi\u00f3n de sus derechos.<\/p>\n\n\n\n<p>\u201cReconocemos que el machismo cruza la vida de nuestra comunidades y ejidos y esto limita el ejercicio de los derechos agrarios de las mujeres\u201d, refieren en el documento emitido.&nbsp;<\/p>\n\n\n\n<p>Por lo anterior, llamaron a la Procuradur\u00eda Agraria a cumplir con su responsabilidad de asistencia jur\u00eddica, facilitaci\u00f3n y promoci\u00f3n de los derechos de las mujeres a trav\u00e9s de su personal y visitadores agrarios, comprometi\u00e9ndose a generar la reflexi\u00f3n al interior de sus comunidades.&nbsp;<\/p>\n\n\n\n<p>Aprovecharon el foro para denunciar la violencia de la que son v\u00edctimas las integrantes del Comisariado Ejidal y Consejo de Vigilancia del Ejido de Pinotepa de Don Luis, a quienes quieren remover del cargo, luego de haber detectado casos de corrupci\u00f3n al interior de los \u00f3rganos de representaci\u00f3n y vigilancia.&nbsp;<\/p>\n\n\n\n<p>Por ello hicieron un llamado a las autoridades nacionales y locales, as\u00ed como a lo organismos en defensa de los derechos humanos para que brinden protecci\u00f3n a las mujeres y puedan desempe\u00f1ar sus cargos con todas las garant\u00edas de seguridad.&nbsp;<\/p>\n\n\n\n<p>\u201cExhortamos a los funcionarios y funcionarias p\u00fablicas de la Procuradur\u00eda Agraria con residencia en Jamiltepec, Oaxaca a actuar de manera imparcial y sobre todo con perspectiva de g\u00e9nero en su actuar ante el tratamiento del conflicto por el que atraviesa las compa\u00f1eras\u201d, manifestaron.&nbsp;<\/p>\n\n\n\n<p>Las firmantes del documento son integrantes de la Red de Mujeres de la Costa Chica, Mujeres Pescadoras del Manglar, La Ventana Investigaci\u00f3n y Divulgaci\u00f3n Cient\u00edfica para el Desarrollo Regional, Tequio Jur\u00eddico, Casa Com\u00fan, Colectiva de la Costa \u00d1aa Tundaa.<\/p>\n\n\n\n<p>As\u00ed mismo mujeres integrantes de los Comisariado de Bienes Comunales y Ejidales de Tataltepec de Vald\u00e9s, Villa de Tututepec, Pinotepa de Don Luis y Pinotepa Nacional; la agenta municipal de San Jos\u00e9 R\u00edo Verde, Jamiltepec; y ciudadanas de San Sebasti\u00e1n Ixcapa, San Andr\u00e9s Huaxpaltepec, San Pedro Cacahuatepec y San Pedro Jicay\u00e1n.<\/p>\n","protected":false},"excerpt":{"rendered":"<p>Evlin Arag\u00f3n\/Zona Roja. Oaxaca de Ju\u00e1rez, Oax., 29 de abril de 2021.- Mujeres de por&hellip;<\/p>\n","protected":false},"author":2,"featured_media":26595,"comment_status":"closed","ping_status":"open","sticky":false,"template":"","format":"standard","meta":{"_lmt_disableupdate":"","_lmt_disable":"","_jetpack_memberships_contains_paid_content":false,"footnotes":""},"categories":[109,46],"tags":[2636],"class_list":["post-26594","post","type-post","status-publish","format-standard","has-post-thumbnail","hentry","category-minuto-a-minuto","category-zona-blanca","tag-mujeres-derechos-agrarios-oaxaca"],"jetpack_featured_media_url":"https:\/\/zonaroja.com.mx\/wp-content\/uploads\/2021\/04\/Pronunciamiento-derechos-agrarios.jpg","jetpack_sharing_enabled":true,"_links":{"self":[{"href":"https:\/\/zonaroja.com.mx\/index.php?rest_route=\/wp\/v2\/posts\/26594","targetHints":{"allow":["GET"]}}],"collection":[{"href":"https:\/\/zonaroja.com.mx\/index.php?rest_route=\/wp\/v2\/posts"}],"about":[{"href":"https:\/\/zonaroja.com.mx\/index.php?rest_route=\/wp\/v2\/types\/post"}],"author":[{"embeddable":true,"href":"https:\/\/zonaroja.com.mx\/index.php?rest_route=\/wp\/v2\/users\/2"}],"replies":[{"embeddable":true,"href":"https:\/\/zonaroja.com.mx\/index.php?rest_route=%2Fwp%2Fv2%2Fcomments&post=26594"}],"version-history":[{"count":1,"href":"https:\/\/zonaroja.com.mx\/index.php?rest_route=\/wp\/v2\/posts\/26594\/revisions"}],"predecessor-version":[{"id":26596,"href":"https:\/\/zonaroja.com.mx\/index.php?rest_route=\/wp\/v2\/posts\/26594\/revisions\/26596"}],"wp:featuredmedia":[{"embeddable":true,"href":"https:\/\/zonaroja.com.mx\/index.php?rest_route=\/wp\/v2\/media\/26595"}],"wp:attachment":[{"href":"https:\/\/zonaroja.com.mx\/index.php?rest_route=%2Fwp%2Fv2%2Fmedia&parent=26594"}],"wp:term":[{"taxonomy":"category","embeddable":true,"href":"https:\/\/zonaroja.com.mx\/index.php?rest_route=%2Fwp%2Fv2%2Fcategories&post=26594"},{"taxonomy":"post_tag","embeddable":true,"href":"https:\/\/zonaroja.com.mx\/index.php?rest_route=%2Fwp%2Fv2%2Ftags&post=26594"}],"curies":[{"name":"wp","href":"https:\/\/api.w.org\/{rel}","templated":true}]}}