{"id":26616,"date":"2021-04-29T21:43:15","date_gmt":"2021-04-30T02:43:15","guid":{"rendered":"http:\/\/www.zonaroja.com.mx\/?p=26616"},"modified":"2021-04-29T21:43:19","modified_gmt":"2021-04-30T02:43:19","slug":"violencia-continua-en-santa-lucia-del-camino-contra-regidora","status":"publish","type":"post","link":"https:\/\/zonaroja.com.mx\/?p=26616","title":{"rendered":"Violencia contin\u00faa en Santa Luc\u00eda del Camino contra regidora"},"content":{"rendered":"\n<p>Yuridiana Sosa\/Zona Roja.<\/p>\n\n\n\n<p>Oaxaca de Ju\u00e1rez, Oax., 29 de abril de 2021.- La violencia pol\u00edtica por raz\u00f3n de g\u00e9nero contra Nallely Ortiz Jim\u00e9nez, regidora de Equidad de G\u00e9nero y Grupos Vulnerables en Santa Luc\u00eda del Camino &#8211;ahora con licencia&#8211;, contin\u00faa por parte del edil Dante Monta\u00f1o Montero a m\u00e1s de 10 meses de la resoluci\u00f3n del Tribunal Electoral del Poder Judicial de la Federaci\u00f3n a favor de la mujer.<\/p>\n\n\n\n<p>En conferencia de prensa, la aspirante a edil por el partido Nueva Alianza, se\u00f1al\u00f3 que el presidente municipal, aspirante a la reelecci\u00f3n del cargo, ha obstaculizado la entrega del acta donde solicit\u00f3 permiso sin goce de sueldo para ausentarse de sus actividades como regidora para participar en el proceso electoral, conforme a la ley.<\/p>\n\n\n\n<p>Nallely Ortiz lament\u00f3 que siga siendo v\u00edctima de violencia pol\u00edtica y se trate de violentar su derecho a participar en un proceso electoral, lo que da muestra que en Santa Luc\u00eda del Camino, conurbado a la capital, se acent\u00faa la violencia de g\u00e9nero.<\/p>\n\n\n\n<p>\u201cA mayor participaci\u00f3n de las mujeres en la vida pol\u00edtica, va a incrementar (la violencia)\u201d, indic\u00f3 la aspirante, por lo que tambi\u00e9n llam\u00f3 a la ciudadan\u00eda a que se sume a la defensa de los derechos de las mujeres para erradicar la violencia.<\/p>\n\n\n\n<figure class=\"wp-block-embed-twitter wp-block-embed is-type-rich is-provider-twitter\"><div class=\"wp-block-embed__wrapper\">\n<div class=\"twitter-tweet\"><blockquote class=\"twitter-tweet\" data-lang=\"es\"><p lang=\"es\" dir=\"ltr\">1. En conferencia de prensa este d\u00eda, la regidora con licencia del <a href=\"https:\/\/twitter.com\/MunSantaLucia?ref_src=twsrc%5Etfw\">@MunSantaLucia<\/a>, Nayelli Ortiz Jim\u00e9nez, lament\u00f3 que el edil <a href=\"https:\/\/twitter.com\/DANTEMONTANO?ref_src=twsrc%5Etfw\">@dantemontano<\/a> siga violentando sus derechos y se niegue a acatar resoluciones judiciales. <a href=\"https:\/\/t.co\/oZBTPXuAmu\">pic.twitter.com\/oZBTPXuAmu<\/a><\/p>&mdash; Zona Roja Oaxaca (@Zona_Roja_Oax) <a href=\"https:\/\/twitter.com\/Zona_Roja_Oax\/status\/1387931585639600132?ref_src=twsrc%5Etfw\">30 de abril de 2021<\/a><\/blockquote><\/div>\n<\/div><\/figure>\n\n\n\n<p>Destac\u00f3 que Dante Monta\u00f1o ha tratado de minimizar la sentencia del Tribunal Electoral del Poder Judicial de la Federaci\u00f3n en la que declar\u00f3 existe la violencia pol\u00edtica que ejerci\u00f3 en su contra al tratar de obstaculizar su ejercicio dentro del ayuntamiento.<\/p>\n\n\n\n<p>Adem\u00e1s, Ortiz Jim\u00e9nez ha interpuesto denuncias ante la Fiscal\u00eda Anticorrupci\u00f3n por probables actos de malversaci\u00f3n de recursos p\u00fablicos por parte del edil de Santa Luc\u00eda del Camino.<\/p>\n\n\n\n<p>Asegur\u00f3 que Monta\u00f1o Montero contin\u00faa en la lista del Instituto Estatal Electoral y de Participaci\u00f3n Ciudadana de Oaxaca sobre funcionarios imposibilitados para contender a un cargo p\u00fablico por medio de un proceso electoral.<\/p>\n\n\n\n<p>Habl\u00f3 de sus aspiraciones leg\u00edtimas para aspirar a ser candidata del Partido Nueva Alianza a la presidencia municipal y agradeci\u00f3 el respaldo de ese instituto pol\u00edtico.<\/p>\n\n\n\n<figure class=\"wp-block-embed-twitter wp-block-embed is-type-rich is-provider-twitter\"><div class=\"wp-block-embed__wrapper\">\n<div class=\"twitter-tweet\"><blockquote class=\"twitter-tweet\" data-lang=\"es\"><p lang=\"es\" dir=\"ltr\">2. La regidora con licencia del ayuntamiento de <a href=\"https:\/\/twitter.com\/MunSantaLucia?ref_src=twsrc%5Etfw\">@MunSantaLucia<\/a>, Nayelli Ortiz, confirm\u00f3 que el edil <a href=\"https:\/\/twitter.com\/DANTEMONTANO?ref_src=twsrc%5Etfw\">@DanteMontano<\/a> sigue en la lista de autoridades que han violentado derechos de las mujeres, por lo cual est\u00e1 impedido a participar en alg\u00fan proceso electoral. <a href=\"https:\/\/t.co\/ErJmdpSkQ0\">pic.twitter.com\/ErJmdpSkQ0<\/a><\/p>&mdash; Zona Roja Oaxaca (@Zona_Roja_Oax) <a href=\"https:\/\/twitter.com\/Zona_Roja_Oax\/status\/1387958269780631559?ref_src=twsrc%5Etfw\">30 de abril de 2021<\/a><\/blockquote><\/div>\n<\/div><\/figure>\n","protected":false},"excerpt":{"rendered":"<p>Yuridiana Sosa\/Zona Roja. Oaxaca de Ju\u00e1rez, Oax., 29 de abril de 2021.- La violencia pol\u00edtica&hellip;<\/p>\n","protected":false},"author":2,"featured_media":26617,"comment_status":"closed","ping_status":"open","sticky":false,"template":"","format":"standard","meta":{"_lmt_disableupdate":"","_lmt_disable":"","_jetpack_memberships_contains_paid_content":false,"footnotes":""},"categories":[109,47],"tags":[2639],"class_list":["post-26616","post","type-post","status-publish","format-standard","has-post-thumbnail","hentry","category-minuto-a-minuto","category-zona-gris","tag-nayelli-ortiz-jimenez"],"jetpack_featured_media_url":"https:\/\/zonaroja.com.mx\/wp-content\/uploads\/2021\/04\/Nayelly-Ortiz-Jimenez.jpg","jetpack_sharing_enabled":true,"_links":{"self":[{"href":"https:\/\/zonaroja.com.mx\/index.php?rest_route=\/wp\/v2\/posts\/26616","targetHints":{"allow":["GET"]}}],"collection":[{"href":"https:\/\/zonaroja.com.mx\/index.php?rest_route=\/wp\/v2\/posts"}],"about":[{"href":"https:\/\/zonaroja.com.mx\/index.php?rest_route=\/wp\/v2\/types\/post"}],"author":[{"embeddable":true,"href":"https:\/\/zonaroja.com.mx\/index.php?rest_route=\/wp\/v2\/users\/2"}],"replies":[{"embeddable":true,"href":"https:\/\/zonaroja.com.mx\/index.php?rest_route=%2Fwp%2Fv2%2Fcomments&post=26616"}],"version-history":[{"count":1,"href":"https:\/\/zonaroja.com.mx\/index.php?rest_route=\/wp\/v2\/posts\/26616\/revisions"}],"predecessor-version":[{"id":26618,"href":"https:\/\/zonaroja.com.mx\/index.php?rest_route=\/wp\/v2\/posts\/26616\/revisions\/26618"}],"wp:featuredmedia":[{"embeddable":true,"href":"https:\/\/zonaroja.com.mx\/index.php?rest_route=\/wp\/v2\/media\/26617"}],"wp:attachment":[{"href":"https:\/\/zonaroja.com.mx\/index.php?rest_route=%2Fwp%2Fv2%2Fmedia&parent=26616"}],"wp:term":[{"taxonomy":"category","embeddable":true,"href":"https:\/\/zonaroja.com.mx\/index.php?rest_route=%2Fwp%2Fv2%2Fcategories&post=26616"},{"taxonomy":"post_tag","embeddable":true,"href":"https:\/\/zonaroja.com.mx\/index.php?rest_route=%2Fwp%2Fv2%2Ftags&post=26616"}],"curies":[{"name":"wp","href":"https:\/\/api.w.org\/{rel}","templated":true}]}}