{"id":26619,"date":"2021-04-29T22:08:22","date_gmt":"2021-04-30T03:08:22","guid":{"rendered":"http:\/\/www.zonaroja.com.mx\/?p=26619"},"modified":"2021-04-29T22:08:26","modified_gmt":"2021-04-30T03:08:26","slug":"locatarios-del-mercado-20-de-noviembre-denuncian-abusos-del-edil-garcia-jarquin","status":"publish","type":"post","link":"https:\/\/zonaroja.com.mx\/?p=26619","title":{"rendered":"Locatarios del mercado \u201c20 de Noviembre\u201d denuncian abusos del edil Garc\u00eda Jarqu\u00edn"},"content":{"rendered":"\n<p>Yuridiana Sosa\/Zona Roja.<\/p>\n\n\n\n<p>Oaxaca de Ju\u00e1rez, Oax., 29 de abril de 2021.- Comerciantes del mercado \u201c20 de Noviembre\u201d, en el Centro Hist\u00f3rico de Oaxaca, denunciaron que el edil Oswaldo Garc\u00eda Jarqu\u00edn, ha violentado los acuerdos para el funcionamiento y de cordial convivencia del lugar con la imposici\u00f3n de un nuevo puesto semifijo.<\/p>\n\n\n\n<p>Se\u00f1alaron que sin conceso de los ocupantes de la plaza popular, personal del ayuntamiento ingres\u00f3 la noche de este mi\u00e9rcoles al mercado para retirar el altar de la imagen religiosa del pasillo principal, a fin de instalar un nuevo puesto.<\/p>\n\n\n\n<p>En conferencia de prensa, condenaron que Garc\u00eda Jarqu\u00edn violente los acuerdos que durante varios a\u00f1os se han respetado para mantener libre ese pasillo, pues es su principal v\u00eda de desalojo ante un siniestro.<\/p>\n\n\n\n<figure class=\"wp-block-embed-twitter wp-block-embed is-type-rich is-provider-twitter\"><div class=\"wp-block-embed__wrapper\">\n<div class=\"twitter-tweet\"><blockquote class=\"twitter-tweet\" data-lang=\"es\"><p lang=\"es\" dir=\"ltr\"><a href=\"https:\/\/twitter.com\/hashtag\/%C3%9AltimoMinuto?src=hash&amp;ref_src=twsrc%5Etfw\">#\u00daltimoMinuto<\/a> <br>Locatarios del mercado \u201c20 de Noviembre\u201d de la ciudad de <a href=\"https:\/\/twitter.com\/hashtag\/Oaxaca?src=hash&amp;ref_src=twsrc%5Etfw\">#Oaxaca<\/a> denuncian nuevas acciones arbitrarias del edil <a href=\"https:\/\/twitter.com\/oswaldogarciaj?ref_src=twsrc%5Etfw\">@oswaldogarciaj<\/a>, al insistir en Instalar por la fuerza a una comerciante, en espacio donde incluso retira una imagen religiosa. <a href=\"https:\/\/t.co\/7MffczYWlP\">pic.twitter.com\/7MffczYWlP<\/a><\/p>&mdash; Zona Roja Oaxaca (@Zona_Roja_Oax) <a href=\"https:\/\/twitter.com\/Zona_Roja_Oax\/status\/1387860338276716545?ref_src=twsrc%5Etfw\">29 de abril de 2021<\/a><\/blockquote><\/div>\n<\/div><\/figure>\n\n\n\n<p>Pero con ese hecho arbitrario, la autoridad tambi\u00e9n cometi\u00f3 abuso sobre su libertad de culto, apuntaron; por lo que durante el proceso electoral fijar\u00e1n una postura para evitar ser enga\u00f1ados nuevamente el presidente municipal.<\/p>\n\n\n\n<p>Los comerciantes detallaron que durante la madrugada, el subdirector de Mercados, Pedro P\u00e9rez Sosa; el regidor de Mercados, Luis Arturo Avalos, as\u00ed como el administrador del mercado, Melit\u00f3n Lavariega, ingresaron para retirar la imagen de la virgen que se encontraba en el pasillo central, as\u00ed como el equipo de protecci\u00f3n civil ah\u00ed colocado, solo para instalar un nuevo puesto.<\/p>\n\n\n\n<p>\u201cSe\u00f1or presidente, usted debi\u00f3 haber tenido la sensibilidad de por lo menos preguntar a todos los concesionarios del mercado si est\u00e1bamos de acuerdo con esta acci\u00f3n que ha tomado, sea un mandato de un juez o no, debi\u00f3 consultarlo con la comunidad afectada, es la forma m\u00e1s responsable de solucionar un problema\u201d, sentenciaron los locatarios.<\/p>\n\n\n\n<p>Los vendedores de este ic\u00f3nico mercado lamentaron que el edil \u201cno solo haya tomado acciones impositivas fuera de toda legalidad, sino tambi\u00e9n atentando contra lo m\u00e1s sagrado para nosotros los comerciantes del mercado \u201820 de Noviembre\u2019, nuestra fe\u201d.<\/p>\n","protected":false},"excerpt":{"rendered":"<p>Yuridiana Sosa\/Zona Roja. Oaxaca de Ju\u00e1rez, Oax., 29 de abril de 2021.- Comerciantes del mercado&hellip;<\/p>\n","protected":false},"author":2,"featured_media":26620,"comment_status":"closed","ping_status":"open","sticky":false,"template":"","format":"standard","meta":{"_lmt_disableupdate":"","_lmt_disable":"","_jetpack_memberships_contains_paid_content":false,"footnotes":""},"categories":[109,47],"tags":[115],"class_list":["post-26619","post","type-post","status-publish","format-standard","has-post-thumbnail","hentry","category-minuto-a-minuto","category-zona-gris","tag-oswaldo-garcia-jarquin"],"jetpack_featured_media_url":"https:\/\/zonaroja.com.mx\/wp-content\/uploads\/2021\/04\/Conferencia-mercado-20-de-Noviembre.jpg","jetpack_sharing_enabled":true,"_links":{"self":[{"href":"https:\/\/zonaroja.com.mx\/index.php?rest_route=\/wp\/v2\/posts\/26619","targetHints":{"allow":["GET"]}}],"collection":[{"href":"https:\/\/zonaroja.com.mx\/index.php?rest_route=\/wp\/v2\/posts"}],"about":[{"href":"https:\/\/zonaroja.com.mx\/index.php?rest_route=\/wp\/v2\/types\/post"}],"author":[{"embeddable":true,"href":"https:\/\/zonaroja.com.mx\/index.php?rest_route=\/wp\/v2\/users\/2"}],"replies":[{"embeddable":true,"href":"https:\/\/zonaroja.com.mx\/index.php?rest_route=%2Fwp%2Fv2%2Fcomments&post=26619"}],"version-history":[{"count":1,"href":"https:\/\/zonaroja.com.mx\/index.php?rest_route=\/wp\/v2\/posts\/26619\/revisions"}],"predecessor-version":[{"id":26621,"href":"https:\/\/zonaroja.com.mx\/index.php?rest_route=\/wp\/v2\/posts\/26619\/revisions\/26621"}],"wp:featuredmedia":[{"embeddable":true,"href":"https:\/\/zonaroja.com.mx\/index.php?rest_route=\/wp\/v2\/media\/26620"}],"wp:attachment":[{"href":"https:\/\/zonaroja.com.mx\/index.php?rest_route=%2Fwp%2Fv2%2Fmedia&parent=26619"}],"wp:term":[{"taxonomy":"category","embeddable":true,"href":"https:\/\/zonaroja.com.mx\/index.php?rest_route=%2Fwp%2Fv2%2Fcategories&post=26619"},{"taxonomy":"post_tag","embeddable":true,"href":"https:\/\/zonaroja.com.mx\/index.php?rest_route=%2Fwp%2Fv2%2Ftags&post=26619"}],"curies":[{"name":"wp","href":"https:\/\/api.w.org\/{rel}","templated":true}]}}