{"id":2663,"date":"2019-07-31T07:22:55","date_gmt":"2019-07-31T12:22:55","guid":{"rendered":"http:\/\/www.zonaroja.com.mx\/?p=2663"},"modified":"2019-07-31T07:23:12","modified_gmt":"2019-07-31T12:23:12","slug":"oaxaca-septimo-lugar-en-delito-de-trata-gobernador-murat","status":"publish","type":"post","link":"https:\/\/zonaroja.com.mx\/?p=2663","title":{"rendered":"Oaxaca, s\u00e9ptimo lugar en delito de trata: gobernador Murat"},"content":{"rendered":"\n<p>Redacci\u00f3n<\/p>\n\n\n\n<p>Oaxaca de\nJu\u00e1rez, Oax., 31 de julio de 2019.- Al presidir la instalaci\u00f3n de la Comisi\u00f3n\nIntersecretarial para Prevenir, Combatir y Sancionar los Delitos en materia de\nTrata de Personas, el gobernador Alejandro Murat reconoci\u00f3 que Oaxaca est\u00e1 en\nlos 10 primeros lugares de las entidades del pa\u00eds por este delito.<\/p>\n\n\n\n<p>El Ejecutivo\nestatal puntualiz\u00f3 que, de acuerdo con datos del Secretariado Ejecutivo del\nSistema Nacional de Seguridad P\u00fablica, Oaxaca ocupa el s\u00e9ptimo lugar nacional\nen el delito de trata, se inform\u00f3 anoche en un comunicado.<\/p>\n\n\n\n<p>\u201cEsta\nproblem\u00e1tica nos obliga a cerrar filas y generar acciones contundentes y\nafirmativas para su atenci\u00f3n inmediata. Para ello estamos creando esta\nComisi\u00f3n: para decir no a la impunidad y para echar a andar toda la fuerza de\nla sociedad y especialmente del estado&nbsp;\npara erradicar este mal\u201d, puntualiz\u00f3.<\/p>\n\n\n\n<p>\u201cEn Oaxaca\nestamos defendiendo la dignidad y libertad humana, as\u00ed como la legalidad como\ncimiento de una sociedad sin discriminaci\u00f3n y sin explotaci\u00f3n\u201d, expres\u00f3 Murat\nHinojosa al encabezar la instalaci\u00f3n, adem\u00e1s de tomarles la protesta de Ley a\nquienes la integran.<\/p>\n\n\n\n<p>Este\norganismo est\u00e1 conformado por representantes de varios sectores gubernamentales\ny de seguridad, su objetivo es definir y coordinar la implementaci\u00f3n de una\npol\u00edtica de estado para abatir dicho delito.<\/p>\n\n\n\n<p>\u201cEl \u00f3rgano\nque hoy integramos muestra el inter\u00e9s com\u00fan por atacar, desde la ra\u00edz, la trata\nde personas, que se ha convertido en un c\u00e1ncer social y en una de las mayores\nexpresiones de criminalidad en todo el mundo\u201d, dijo.<\/p>\n\n\n\n<p>La\nsecretaria t\u00e9cnica de dicha Comisi\u00f3n y titular de la Coordinaci\u00f3n para la\nAtenci\u00f3n de los Derechos Humanos del Poder Ejecutivo, Norma Reyes Ter\u00e1n,\npuntualiz\u00f3 que la prostituci\u00f3n y la pornograf\u00eda han sido dos de las principales\ncausas por las que la Trata de Personas ha crecido, no s\u00f3lo en M\u00e9xico, sino en\ntodo el mundo. En el caso de Oaxaca, se han visto vulnerados los derechos de\nni\u00f1as y ni\u00f1os ind\u00edgenas principalmente.<\/p>\n\n\n\n<p>La Comisi\u00f3n\nest\u00e1 conformada por el secretario General de Gobierno, H\u00e9ctor Anuar Mafud\nMafud, como presidente; la presidenta del Tribunal Superior de Justicia y del\nConsejo de la Judicatura, Mar\u00eda Eugenia Villanueva Abraj\u00e1n; el fiscal General\ndel Estado, Rub\u00e9n Vasconcelos M\u00e9ndez; las secretarias de Pueblos Ind\u00edgenas y\nAfromexicano, de las Mujeres de Oaxaca, de Desarrollo Social y Humano,\nEufrosina Cruz Mendoza, Ana V\u00e1squez Colmenares y Yolanda Mart\u00ednez L\u00f3pez,\nrespectivamente.<\/p>\n\n\n\n<p>Adem\u00e1s de los directores del sistema para el Desarrollo Integral de la Familia (DIF) Oaxaca y del Instituto Estatal de Educaci\u00f3n P\u00fablica de Oaxaca, Christian Holm Rodr\u00edguez y Francisco \u00c1ngel Villarreal. As\u00ed como los secretarios de Salud de Oaxaca y de Seguridad P\u00fablica, Donato Casas Escamilla y Ra\u00fal Ernesto Salcedo Rosales; entre otros funcionaros, mandos militares y navales.<\/p>\n\n\n\n<figure class=\"wp-block-embed-twitter wp-block-embed is-type-rich is-provider-twitter\"><div class=\"wp-block-embed__wrapper\">\n<div class=\"twitter-tweet\"><blockquote class=\"twitter-tweet\" data-lang=\"es\"><p lang=\"es\" dir=\"ltr\">Combatir la violencia hacia los derechos humanos es una tarea que compartimos en la funci\u00f3n p\u00fablica; por eso, junto a titulares de dependencias estatales, instalamos la Comisi\u00f3n Intersecretarial para Prevenir, Combatir y Sancionar los Delitos en Materia de Trata de Personas. <a href=\"https:\/\/t.co\/ioaKu4FQBu\">pic.twitter.com\/ioaKu4FQBu<\/a><\/p>&mdash; Alejandro Murat (@alejandromurat) <a href=\"https:\/\/twitter.com\/alejandromurat\/status\/1156360019035787265?ref_src=twsrc%5Etfw\">31 de julio de 2019<\/a><\/blockquote><\/div>\n<\/div><\/figure>\n","protected":false},"excerpt":{"rendered":"<p>Redacci\u00f3n Oaxaca de Ju\u00e1rez, Oax., 31 de julio de 2019.- Al presidir la instalaci\u00f3n de&hellip;<\/p>\n","protected":false},"author":2,"featured_media":2664,"comment_status":"closed","ping_status":"open","sticky":false,"template":"","format":"standard","meta":{"_lmt_disableupdate":"","_lmt_disable":"","_jetpack_memberships_contains_paid_content":false,"footnotes":""},"categories":[109,47],"tags":[438],"class_list":["post-2663","post","type-post","status-publish","format-standard","has-post-thumbnail","hentry","category-minuto-a-minuto","category-zona-gris","tag-oaxaca-septimo-lugar-por-trata-de-personas"],"jetpack_featured_media_url":"https:\/\/zonaroja.com.mx\/wp-content\/uploads\/2019\/07\/AMH-06.jpg","jetpack_sharing_enabled":true,"_links":{"self":[{"href":"https:\/\/zonaroja.com.mx\/index.php?rest_route=\/wp\/v2\/posts\/2663","targetHints":{"allow":["GET"]}}],"collection":[{"href":"https:\/\/zonaroja.com.mx\/index.php?rest_route=\/wp\/v2\/posts"}],"about":[{"href":"https:\/\/zonaroja.com.mx\/index.php?rest_route=\/wp\/v2\/types\/post"}],"author":[{"embeddable":true,"href":"https:\/\/zonaroja.com.mx\/index.php?rest_route=\/wp\/v2\/users\/2"}],"replies":[{"embeddable":true,"href":"https:\/\/zonaroja.com.mx\/index.php?rest_route=%2Fwp%2Fv2%2Fcomments&post=2663"}],"version-history":[{"count":1,"href":"https:\/\/zonaroja.com.mx\/index.php?rest_route=\/wp\/v2\/posts\/2663\/revisions"}],"predecessor-version":[{"id":2665,"href":"https:\/\/zonaroja.com.mx\/index.php?rest_route=\/wp\/v2\/posts\/2663\/revisions\/2665"}],"wp:featuredmedia":[{"embeddable":true,"href":"https:\/\/zonaroja.com.mx\/index.php?rest_route=\/wp\/v2\/media\/2664"}],"wp:attachment":[{"href":"https:\/\/zonaroja.com.mx\/index.php?rest_route=%2Fwp%2Fv2%2Fmedia&parent=2663"}],"wp:term":[{"taxonomy":"category","embeddable":true,"href":"https:\/\/zonaroja.com.mx\/index.php?rest_route=%2Fwp%2Fv2%2Fcategories&post=2663"},{"taxonomy":"post_tag","embeddable":true,"href":"https:\/\/zonaroja.com.mx\/index.php?rest_route=%2Fwp%2Fv2%2Ftags&post=2663"}],"curies":[{"name":"wp","href":"https:\/\/api.w.org\/{rel}","templated":true}]}}