{"id":26631,"date":"2021-04-30T08:16:35","date_gmt":"2021-04-30T13:16:35","guid":{"rendered":"http:\/\/www.zonaroja.com.mx\/?p=26631"},"modified":"2021-04-30T08:16:39","modified_gmt":"2021-04-30T13:16:39","slug":"develan-segundo-mural-para-promover-el-derecho-a-una-alimentacion-en-ninez","status":"publish","type":"post","link":"https:\/\/zonaroja.com.mx\/?p=26631","title":{"rendered":"Develan segundo mural para promover el derecho a una alimentaci\u00f3n en ni\u00f1ez"},"content":{"rendered":"\n<p>Redacci\u00f3n\/Zona Roja.<\/p>\n\n\n\n<p>Oaxaca de Ju\u00e1rez a 30 de abril del 2021.&nbsp; En el marco de la conmemoraci\u00f3n del D\u00eda del Ni\u00f1o y la Ni\u00f1a, integrantes de la campa\u00f1a \u201cPor el derecho a una alimentaci\u00f3n sana y nutritiva de ni\u00f1as, ni\u00f1os y adolescentes\u201d develaron mural en la escuela primaria \u201cL\u00e1zaro C\u00e1rdenas\u201d ubicada en la colonia Lomas de San Jacinto, ciudad de Oaxaca.<\/p>\n\n\n\n<p>Lo anterior, con el objetivo de promover una alimentaci\u00f3n saludable en entornos escolares como parte de los objetivos de la campa\u00f1a anticharra.<\/p>\n\n\n\n<p>Noelia Abigail Paz Hern\u00e1ndez, coordinadora del Centro Calpulli, expuso que la campa\u00f1a tambi\u00e9n conocida como \u201cOaxaca sin chatarra\u201d surge ante la entrada en vigor de la reforma al art\u00edculo 20 BIS de la Ley de Protecci\u00f3n de Ni\u00f1as, Ni\u00f1os y Adolescentes del estado de Oaxaca, el pasado 4 de septiembre del 2020, convirti\u00e9ndose en el primer estado de la rep\u00fablica en prohibir la distribuci\u00f3n, la venta, regalo o suministro a menores de edad de bebidas azucaradas y alimentos envasados con alto contenido cal\u00f3rico.<\/p>\n\n\n\n<p>\u201cA ra\u00edz de esta reforma, varias organizaciones nos aliamos para concientizar a la poblaci\u00f3n sobre los cambios de h\u00e1bitos alimenticios para incluir en la dieta diaria, frutas, verduras y comida tradicional de nuestro estado, esto para beneficio de la salud de toda la poblaci\u00f3n\u201d, se\u00f1al\u00f3 Paz Hern\u00e1ndez.<\/p>\n\n\n\n<p>La develaci\u00f3n estuvo a cargo de la diputada Magaly L\u00f3pez Dom\u00ednguez; el director de la escuela Ruy Morales Mart\u00ednez y la joven autora del mural, Bel\u00e9m Garc\u00eda Arag\u00f3n. La artista oaxaque\u00f1a de 19 a\u00f1os de edad comparti\u00f3 que la idea central de su obra es el ma\u00edz al ser la base de la alimentaci\u00f3n en Oaxaca.<\/p>\n\n\n\n<p>\u201cLo que buscamos con el mural es concientizar a ni\u00f1as, ni\u00f1os y adolescentes para llevar una alimentaci\u00f3n m\u00e1s sana y nutritiva. Es un proceso dar\u00e1 resultados positivos s\u00ed todos y todas ponemos de nuestra parte, a la poblaci\u00f3n escolar, al personal docente, as\u00ed que les invito a sumarse a esta campa\u00f1a\u201d, comparti\u00f3 la joven artista.<\/p>\n\n\n\n<p>Particip\u00f3 en la ceremonia de develaci\u00f3n, Y\u00e9sica S\u00e1nchez Maya, directora de Consorcio Oaxaca, quien se\u00f1al\u00f3 la necesidad de ampliar los espacios donde se vaya generando una nueva conciencia y din\u00e1mica para una alimentaci\u00f3n sana, en especial las escuelas donde las ni\u00f1as y ni\u00f1os pasan mayor tiempo.<\/p>\n\n\n\n<figure class=\"wp-block-embed-twitter wp-block-embed is-type-rich is-provider-twitter\"><div class=\"wp-block-embed__wrapper\">\n<div class=\"twitter-tweet\"><blockquote class=\"twitter-tweet\" data-lang=\"es\"><p lang=\"es\" dir=\"ltr\"><a href=\"https:\/\/twitter.com\/hashtag\/OaxacaSaludable?src=hash&amp;ref_src=twsrc%5Etfw\">#OaxacaSaludable<\/a>  <br>A invitaci\u00f3n de organismos civiles, la diputada por Morena, <a href=\"https:\/\/twitter.com\/Magaly_LopezOax?ref_src=twsrc%5Etfw\">@Magaly_LopezOax<\/a>, inaugur\u00f3 hoy un mural en una escuela primaria de la colonia Lomas de San Jacinto, <a href=\"https:\/\/twitter.com\/hashtag\/Oaxaca?src=hash&amp;ref_src=twsrc%5Etfw\">#Oaxaca<\/a>, en que se promueve la alimentaci\u00f3n saludable de ni\u00f1as y ni\u00f1os escolares. <a href=\"https:\/\/t.co\/SBpts8CuaF\">pic.twitter.com\/SBpts8CuaF<\/a><\/p>&mdash; Zona Roja Oaxaca (@Zona_Roja_Oax) <a href=\"https:\/\/twitter.com\/Zona_Roja_Oax\/status\/1387909726797717507?ref_src=twsrc%5Etfw\">29 de abril de 2021<\/a><\/blockquote><\/div>\n<\/div><\/figure>\n\n\n\n<p>\u201cEstamos llamando a la Secci\u00f3n 22 para que pueda abrir m\u00e1s espacios de reflexi\u00f3n y que justo colaboren para una nueva cultura de la alimentaci\u00f3n y que se sumen a esta iniciativa impulsada por diversas organizaciones de la sociedad civil estatales y nacionales.<\/p>\n\n\n\n<p>Por otro lado pidi\u00f3 a las tienditas y a toda la sociedad a tomar conciencia&nbsp; de que el derecho a una alimentaci\u00f3n sana y nutritiva es un derecho humano irrenunciable al que todas y todos tenemos que contribuir a hacer efectivo en favor de una ni\u00f1ez sana.<\/p>\n\n\n\n<p>Durante su intervenci\u00f3n, la diputada Magaly L\u00f3pez Dom\u00ednguez, reiter\u00f3 el reconocimiento al Centro Calpulli, las organizaciones que impulsan la campa\u00f1a y al director de la Escuela por sumarse a crear conciencia sobre la salud de los ni\u00f1os y ni\u00f1as, con mucha fuerza y voluntad.<\/p>\n\n\n\n<p>\u201cEn el Congreso aprobamos la prohibici\u00f3n de bebidas azucaradas y alimentos envasados con alto contenido cal\u00f3rico porque sabemos da\u00f1a la salud y es lo que hoy queremos combatir\u201d, dijo.<\/p>\n\n\n\n<p>La diputada refiri\u00f3 que est\u00e1 por aprobarse una iniciativa de reforma a la Ley General de Educaci\u00f3n, la cual proh\u00edbe la venta de comida de chatarra dentro y fuera de las escuelas, y obliga a las autoridades educativas a promover alimentos saludables.<\/p>\n\n\n\n<p>Finalmente, el director de la escuela primaria L\u00e1zaro C\u00e1rdenas, Ruy Morales Mart\u00ednez, enfatiz\u00f3 en los tiempos de crisis econ\u00f3mica, ambiental y social, una pandemia que cambi\u00f3 la din\u00e1mica y dej\u00f3 la lecci\u00f3n de aprender a convivir, de solidarizarse como vecinos, \u201cvolver a hacer pueblo\u201d.<\/p>\n\n\n\n<p>\u201cLas reformas al art\u00edculo 20 y la Ley General de Educaci\u00f3n beneficiar\u00e1 a los y las estudiantes, generar\u00e1 que como adultos nos organicemos y eduquemos mejor, obligar\u00e1 a empresas voraces a dejar en paz a nuestros ni\u00f1os y ni\u00f1as, que d\u00eda a d\u00eda los bombardea con publicidad enga\u00f1osa sobre comida que genera enfermedades\u201d, coment\u00f3 Morales Mart\u00ed.<\/p>\n\n\n\n<p>La campa\u00f1a \u201cPor el derecho a una alimentaci\u00f3n sana y nutritiva\u201d es impulsada Espacio Civil de Oaxaca, Centro de Apoyo para la Educaci\u00f3n y Creatividad Calpulli A. C., Red por los Derechos de la Infancia en M\u00e9xico, Consorcio Para el Di\u00e1logo Parlamentario y la Equidad Oaxaca A.C., Espiral por la Vida A.C., El Poder del Consumidor, Alianza por la Salud Alimentaria,&nbsp; Centro de Apoyo al Movimiento Popular Oaxaque\u00f1o A.C., San Juan Quiahije, Mano Vuelta A.C., Pi\u00f1a Palmera A.C. y Puente a la Salud Comunitaria A.C.<\/p>\n\n\n\n<p>Esta campa\u00f1a dio inici\u00f3 en octubre del 2020, a\u00f1o en el que realizaron infograf\u00edas, v\u00eddeos, spots, talleres, y la develaci\u00f3n de un primer mural. En este 2021 han colocado im\u00e1genes en camiones, v\u00eddeos de activaci\u00f3n f\u00edsica y un taller virtual en entornos escolares.<\/p>\n\n\n\n<p>Para mayor informaci\u00f3n sobre la campa\u00f1a visita la p\u00e1gina de Facebook @OaxacaSinChatarra.<\/p>\n","protected":false},"excerpt":{"rendered":"<p>Redacci\u00f3n\/Zona Roja. Oaxaca de Ju\u00e1rez a 30 de abril del 2021.&nbsp; En el marco de&hellip;<\/p>\n","protected":false},"author":2,"featured_media":26632,"comment_status":"closed","ping_status":"open","sticky":false,"template":"","format":"standard","meta":{"_lmt_disableupdate":"","_lmt_disable":"","_jetpack_memberships_contains_paid_content":false,"footnotes":""},"categories":[109,46],"tags":[192],"class_list":["post-26631","post","type-post","status-publish","format-standard","has-post-thumbnail","hentry","category-minuto-a-minuto","category-zona-blanca","tag-diputada-magaly-lopez-dominguez"],"jetpack_featured_media_url":"https:\/\/zonaroja.com.mx\/wp-content\/uploads\/2021\/04\/Mural-salud-Magaly-Lopez.jpeg","jetpack_sharing_enabled":true,"_links":{"self":[{"href":"https:\/\/zonaroja.com.mx\/index.php?rest_route=\/wp\/v2\/posts\/26631","targetHints":{"allow":["GET"]}}],"collection":[{"href":"https:\/\/zonaroja.com.mx\/index.php?rest_route=\/wp\/v2\/posts"}],"about":[{"href":"https:\/\/zonaroja.com.mx\/index.php?rest_route=\/wp\/v2\/types\/post"}],"author":[{"embeddable":true,"href":"https:\/\/zonaroja.com.mx\/index.php?rest_route=\/wp\/v2\/users\/2"}],"replies":[{"embeddable":true,"href":"https:\/\/zonaroja.com.mx\/index.php?rest_route=%2Fwp%2Fv2%2Fcomments&post=26631"}],"version-history":[{"count":1,"href":"https:\/\/zonaroja.com.mx\/index.php?rest_route=\/wp\/v2\/posts\/26631\/revisions"}],"predecessor-version":[{"id":26633,"href":"https:\/\/zonaroja.com.mx\/index.php?rest_route=\/wp\/v2\/posts\/26631\/revisions\/26633"}],"wp:featuredmedia":[{"embeddable":true,"href":"https:\/\/zonaroja.com.mx\/index.php?rest_route=\/wp\/v2\/media\/26632"}],"wp:attachment":[{"href":"https:\/\/zonaroja.com.mx\/index.php?rest_route=%2Fwp%2Fv2%2Fmedia&parent=26631"}],"wp:term":[{"taxonomy":"category","embeddable":true,"href":"https:\/\/zonaroja.com.mx\/index.php?rest_route=%2Fwp%2Fv2%2Fcategories&post=26631"},{"taxonomy":"post_tag","embeddable":true,"href":"https:\/\/zonaroja.com.mx\/index.php?rest_route=%2Fwp%2Fv2%2Ftags&post=26631"}],"curies":[{"name":"wp","href":"https:\/\/api.w.org\/{rel}","templated":true}]}}