{"id":26634,"date":"2021-04-30T08:25:12","date_gmt":"2021-04-30T13:25:12","guid":{"rendered":"http:\/\/www.zonaroja.com.mx\/?p=26634"},"modified":"2021-04-30T08:25:16","modified_gmt":"2021-04-30T13:25:16","slug":"condena-gremio-agresion-a-periodista-de-oaxaca","status":"publish","type":"post","link":"https:\/\/zonaroja.com.mx\/?p=26634","title":{"rendered":"Condena gremio agresi\u00f3n a periodista de Oaxaca"},"content":{"rendered":"\n<p>Redacci\u00f3n\/Estado 20.<\/p>\n\n\n\n<p>Oaxaca de Ju\u00e1rez, Oax., 30 de abril de 2021.- Reporteros de la fuente de seguridad y justicia de Oaxaca exigieron castigo a los responsables de la agresi\u00f3n contra el periodista Tom\u00e1s Mart\u00ednez, del peri\u00f3dico \u201cNoticias Voz e Imagen de Oaxaca\u201d, en la que presuntamente participaron mototaxistas de la organizaci\u00f3n \u201c14 de Junio\u201d.<\/p>\n\n\n\n<p>A trav\u00e9s de un comunicado, exigieron a la Fiscal\u00eda General del Estado integrar debidamente la Carpeta de Investigaci\u00f3n, identificar a los responsables y solicitar las correspondientes ordenes de aprehensi\u00f3n.<\/p>\n\n\n\n<p>\u201cLos reporteros no podemos vivir se rodillas ante la violencia e intereses de estos grupos violentos que operan en Oaxaca y, mucho menos podemos dejar de informar\u201d, se\u00f1alaron.<\/p>\n\n\n\n<p>En el escrito dirigido al gobernador Alejandro Murat, al fiscal Arturo Peimbert Calvo; al titular de la Defensor\u00eda de los Derechos Humanos del Pueblo de Oaxaca (DDHPO), Bernardo Rodr\u00edguez y al responsable de la Secretar\u00eda de Seguridad P\u00fablica, Heliodoro D\u00edaz Esc\u00e1rraga, expresaron su preocupaci\u00f3n ante el aumento de violencia en contra de quienes ejercen el trabajo period\u00edstico.<\/p>\n\n\n\n<p>Desde hace una d\u00e9cada, aseguraron, est\u00e1 violencia ha ido en aumento y \u201cnos preocupa y alarma sobremanera, pues en Oaxaca no existen las m\u00ednimas garant\u00edas de seguridad para quienes nos dedicamos a esta noble labor\u201d.<\/p>\n\n\n\n<figure class=\"wp-block-embed-twitter wp-block-embed is-type-rich is-provider-twitter\"><div class=\"wp-block-embed__wrapper\">\n<div class=\"twitter-tweet\"><blockquote class=\"twitter-tweet\" data-lang=\"es\"><p lang=\"es\" dir=\"ltr\"><a href=\"https:\/\/twitter.com\/hashtag\/%C3%9AltimoMinuto?src=hash&amp;ref_src=twsrc%5Etfw\">#\u00daltimoMinuto<\/a> <br>Presuntos mototaxistas agreden al periodista <a href=\"https:\/\/twitter.com\/Tomas7J?ref_src=twsrc%5Etfw\">@Tomas7J<\/a>, del peri\u00f3dico <a href=\"https:\/\/twitter.com\/nvinoticiasoax?ref_src=twsrc%5Etfw\">@nvinoticiasoax<\/a>, cuando cubr\u00eda un percance en la colonia Reforma Agraria de Santa Cruz <a href=\"https:\/\/twitter.com\/hashtag\/Xoxocotl%C3%A1n?src=hash&amp;ref_src=twsrc%5Etfw\">#Xoxocotl\u00e1n<\/a>, <a href=\"https:\/\/twitter.com\/hashtag\/Oaxaca?src=hash&amp;ref_src=twsrc%5Etfw\">#Oaxaca<\/a>. <a href=\"https:\/\/twitter.com\/CNDH?ref_src=twsrc%5Etfw\">@CNDH<\/a> <a href=\"https:\/\/twitter.com\/article19mex?ref_src=twsrc%5Etfw\">@article19mex<\/a> <a href=\"https:\/\/twitter.com\/julioastillero?ref_src=twsrc%5Etfw\">@julioastillero<\/a> <a href=\"https:\/\/twitter.com\/AristeguiOnline?ref_src=twsrc%5Etfw\">@AristeguiOnline<\/a> <a href=\"https:\/\/twitter.com\/DDHPO?ref_src=twsrc%5Etfw\">@DDHPO<\/a> <a href=\"https:\/\/twitter.com\/FISCALIA_GobOax?ref_src=twsrc%5Etfw\">@FISCALIA_GobOax<\/a> <a href=\"https:\/\/t.co\/cvoNlj8Mdo\">pic.twitter.com\/cvoNlj8Mdo<\/a><\/p>&mdash; Zona Roja Oaxaca (@Zona_Roja_Oax) <a href=\"https:\/\/twitter.com\/Zona_Roja_Oax\/status\/1387887681829486593?ref_src=twsrc%5Etfw\">29 de abril de 2021<\/a><\/blockquote><\/div>\n<\/div><\/figure>\n\n\n\n<p>Los periodistas recalcaron que se ha hecho costumbre ver que en las coberturas de manifestaciones de organizaciones sociales, estudiantiles o sindicales se aplican niveles de violencia en contra de quienes se dedican a la actividad period\u00edstica y que s\u00f3lo cumplen con la obligaci\u00f3n de informar a la ciudadan\u00eda de los hechos que impactan la vida diaria de los oaxaque\u00f1os.<\/p>\n\n\n\n<p>Pero tambi\u00e9n, se\u00f1alaron, es cotidiano ver la pasividad de las autoridades de seguridad p\u00fablica y de procuraci\u00f3n de justicia en este tipo de sucesos que ponen en grave riesgo la libertad de expresi\u00f3n.<\/p>\n\n\n\n<p>\u201cEste d\u00eda (ayer), nuestro compa\u00f1ero Tom\u00e1s Mart\u00ednez Ju\u00e1rez fue golpeado en forma por dem\u00e1s cobarde por integrantes del Frente \u201814 de Junio\u2019 durante la cobertura que realizaba a una de las acciones de protesta de esa llamada organizaci\u00f3n social. No se puede condicionar a los reporteros a pedir permiso para cubrir o informar de los hechos que, muchas veces trastocan la vida de quienes nacimos o vivimos en esta hermosa entidad\u201d.<\/p>\n\n\n\n<p>Tom\u00e1s Mart\u00ednez Ju\u00e1rez, dijeron, es uno de los muchos reporteros que han tenido la desgracia de vivir la violencia tan solo por realizar su trabajo.<\/p>\n\n\n\n<p>\u201cSe\u00f1or gobernador de Oaxaca, Alejandro Murat Hinojosa, le pedimos ordene a los responsables de las instancias de Seguridad P\u00fablica y Procuraci\u00f3n de Justicia actuar en contra de quienes atenten en contra de quienes ejercemos el oficio period\u00edstico\u201d.<\/p>\n\n\n\n<p>Finalmente, puntualizaron que esta preocupaci\u00f3n la hacen sin recurrir a ninguna organizaci\u00f3n, \u201ces por el simple hecho de hacer valer el art\u00edculo 7o Constitucional que protege la libertad de expresi\u00f3n y para evitar que Oaxaca siga el camino a una tierra de nadie, d\u00f3nde la censura por medio de la violencia busca anteponer los intereses de grupos de poder que se sienten intocables\u201d.<\/p>\n","protected":false},"excerpt":{"rendered":"<p>Redacci\u00f3n\/Estado 20. Oaxaca de Ju\u00e1rez, Oax., 30 de abril de 2021.- Reporteros de la fuente&hellip;<\/p>\n","protected":false},"author":2,"featured_media":26635,"comment_status":"closed","ping_status":"open","sticky":false,"template":"","format":"standard","meta":{"_lmt_disableupdate":"","_lmt_disable":"","_jetpack_memberships_contains_paid_content":false,"footnotes":""},"categories":[109,47],"tags":[2638],"class_list":["post-26634","post","type-post","status-publish","format-standard","has-post-thumbnail","hentry","category-minuto-a-minuto","category-zona-gris","tag-tomas-martinez"],"jetpack_featured_media_url":"https:\/\/zonaroja.com.mx\/wp-content\/uploads\/2021\/04\/Agresion-periodista-Tomas-Martinez.jpg","jetpack_sharing_enabled":true,"_links":{"self":[{"href":"https:\/\/zonaroja.com.mx\/index.php?rest_route=\/wp\/v2\/posts\/26634","targetHints":{"allow":["GET"]}}],"collection":[{"href":"https:\/\/zonaroja.com.mx\/index.php?rest_route=\/wp\/v2\/posts"}],"about":[{"href":"https:\/\/zonaroja.com.mx\/index.php?rest_route=\/wp\/v2\/types\/post"}],"author":[{"embeddable":true,"href":"https:\/\/zonaroja.com.mx\/index.php?rest_route=\/wp\/v2\/users\/2"}],"replies":[{"embeddable":true,"href":"https:\/\/zonaroja.com.mx\/index.php?rest_route=%2Fwp%2Fv2%2Fcomments&post=26634"}],"version-history":[{"count":1,"href":"https:\/\/zonaroja.com.mx\/index.php?rest_route=\/wp\/v2\/posts\/26634\/revisions"}],"predecessor-version":[{"id":26636,"href":"https:\/\/zonaroja.com.mx\/index.php?rest_route=\/wp\/v2\/posts\/26634\/revisions\/26636"}],"wp:featuredmedia":[{"embeddable":true,"href":"https:\/\/zonaroja.com.mx\/index.php?rest_route=\/wp\/v2\/media\/26635"}],"wp:attachment":[{"href":"https:\/\/zonaroja.com.mx\/index.php?rest_route=%2Fwp%2Fv2%2Fmedia&parent=26634"}],"wp:term":[{"taxonomy":"category","embeddable":true,"href":"https:\/\/zonaroja.com.mx\/index.php?rest_route=%2Fwp%2Fv2%2Fcategories&post=26634"},{"taxonomy":"post_tag","embeddable":true,"href":"https:\/\/zonaroja.com.mx\/index.php?rest_route=%2Fwp%2Fv2%2Ftags&post=26634"}],"curies":[{"name":"wp","href":"https:\/\/api.w.org\/{rel}","templated":true}]}}