{"id":26640,"date":"2021-04-30T17:17:58","date_gmt":"2021-04-30T22:17:58","guid":{"rendered":"https:\/\/www.zonaroja.com.mx\/?p=26640"},"modified":"2021-04-30T17:18:02","modified_gmt":"2021-04-30T22:18:02","slug":"gritan-mujeres-no-mas-violencia-de-genero-en-la-costa","status":"publish","type":"post","link":"https:\/\/zonaroja.com.mx\/?p=26640","title":{"rendered":"Gritan mujeres: \u201cno m\u00e1s violencia de g\u00e9nero\u201d en la Costa"},"content":{"rendered":"\n<p class=\"xmsonormal\">Evlin Arag\u00f3n\/Zona Roja.&nbsp;<\/p>\n\n\n\n<p class=\"xmsonormal\">Oaxaca de Ju\u00e1rez, Oax., 30 de abril de 2021.- \u201cMujeres unidas jam\u00e1s ser\u00e1n vencidas\u201d, \u201cVa a caer, va a caer, el violentador va a caer\u201d, y \u201cNo m\u00e1s violencia contra las mujeres\u201d, fueron las principales consignas que se escucharon fuerte y claro en el municipio de Santa Mar\u00eda Tonameca, Oaxaca.&nbsp;<\/p>\n\n\n\n<p class=\"MsoNormal\">Todas fueron denunciadas por decenas de mujeres que respondieron al llamado que hiciera&nbsp;Yara Gonzaga Guillen, comunera de Llano Grande, quien denunci\u00f3 ser v\u00edctima de violencia de g\u00e9nero, en d\u00edas pasados.&nbsp;&nbsp;<\/p>\n\n\n\n<p class=\"MsoNormal\">El grito de justicia para Yara tambi\u00e9n se hizo presente al interior de la manifestaci\u00f3n que se llev\u00f3 a cabo de manera pac\u00edfica y con la intenci\u00f3n de hacer visible la violencia que viven las mujeres en las comunidades de la regi\u00f3n de la Costa.&nbsp;&nbsp;<\/p>\n\n\n\n<p class=\"MsoNormal\">\u201cQueremos justicia, justicia para Yara\u201d, \u201cNi una m\u00e1s, ni una menos\u201d, \u201cYara escucha, esta es tu lucha\u201d, fueron otras de las frases que se enunciaron la tarde de&nbsp;<a href=\"\/\/0\">este jueves<\/a>.&nbsp;<\/p>\n\n\n\n<p class=\"MsoNormal\">En una breve participaci\u00f3n,&nbsp;Yara Gonzaga reclam\u00f3 mayor celeridad a las autoridades para que se sancione a los agresores y reiter\u00f3 que Antonio Merino Gonzaga, ex candidato de la planilla verde fue el que encabez\u00f3 el ataque en su contra.&nbsp;<\/p>\n\n\n\n<p class=\"MsoNormal\">Previamente, a trav\u00e9s de un video en sus redes sociales, la mujer denunci\u00f3 que&nbsp;el pasado 25 de abril, en la Asamblea para renovar las autoridades de Bienes Comunales de Llano Grande, perteneciente a Santa Mar\u00eda Tonameca, fue golpeada brutalmente.&nbsp;<\/p>\n\n\n\n<p class=\"xxmsonormal\">\u201cEl se\u00f1or Antonio Merino Gonzaga se acerc\u00f3 a m\u00ed y me agredi\u00f3 brutalmente, me avent\u00f3, me pate\u00f3 y me arrastr\u00f3 ya de ah\u00ed otras personas que ven\u00edan con ellos me pegaron a m\u00e1s no poder dej\u00e1ndome en mal estado\u201d, relat\u00f3 la mujer. &nbsp;<\/p>\n\n\n\n<p class=\"xxmsonormal\">Yara coment\u00f3 que interpuso su denuncia ante el Ministerio P\u00fablico, sin embargo, y como suele pasar en casos de violencia de g\u00e9nero, no ha tenido respuesta por parte de las autoridades encargadas de procurar justicia.&nbsp;<\/p>\n\n\n\n<p class=\"MsoNormal\">As\u00ed mismo, manifest\u00f3 sentir temor por su integridad f\u00edsica y la de su familia ya que el hombre que la agredi\u00f3 suele conducirse con violencia cuando est\u00e1 en estado de ebriedad, de ah\u00ed que insisti\u00f3 en el respaldo ciudadano para obligar a las autoridades a hacer justicia.   <\/p>\n","protected":false},"excerpt":{"rendered":"<p>Evlin Arag\u00f3n\/Zona Roja.&nbsp; Oaxaca de Ju\u00e1rez, Oax., 30 de abril de 2021.- \u201cMujeres unidas jam\u00e1s&hellip;<\/p>\n","protected":false},"author":2,"featured_media":26639,"comment_status":"closed","ping_status":"open","sticky":false,"template":"","format":"standard","meta":{"_lmt_disableupdate":"","_lmt_disable":"","_jetpack_memberships_contains_paid_content":false,"footnotes":""},"categories":[109,47],"tags":[2637],"class_list":["post-26640","post","type-post","status-publish","format-standard","has-post-thumbnail","hentry","category-minuto-a-minuto","category-zona-gris","tag-yara-gonzaga-guillen"],"jetpack_featured_media_url":"https:\/\/zonaroja.com.mx\/wp-content\/uploads\/2021\/04\/2a1cdb64-4f26-4fe4-84d9-479a2e9a8d37.jpg","jetpack_sharing_enabled":true,"_links":{"self":[{"href":"https:\/\/zonaroja.com.mx\/index.php?rest_route=\/wp\/v2\/posts\/26640","targetHints":{"allow":["GET"]}}],"collection":[{"href":"https:\/\/zonaroja.com.mx\/index.php?rest_route=\/wp\/v2\/posts"}],"about":[{"href":"https:\/\/zonaroja.com.mx\/index.php?rest_route=\/wp\/v2\/types\/post"}],"author":[{"embeddable":true,"href":"https:\/\/zonaroja.com.mx\/index.php?rest_route=\/wp\/v2\/users\/2"}],"replies":[{"embeddable":true,"href":"https:\/\/zonaroja.com.mx\/index.php?rest_route=%2Fwp%2Fv2%2Fcomments&post=26640"}],"version-history":[{"count":1,"href":"https:\/\/zonaroja.com.mx\/index.php?rest_route=\/wp\/v2\/posts\/26640\/revisions"}],"predecessor-version":[{"id":26641,"href":"https:\/\/zonaroja.com.mx\/index.php?rest_route=\/wp\/v2\/posts\/26640\/revisions\/26641"}],"wp:featuredmedia":[{"embeddable":true,"href":"https:\/\/zonaroja.com.mx\/index.php?rest_route=\/wp\/v2\/media\/26639"}],"wp:attachment":[{"href":"https:\/\/zonaroja.com.mx\/index.php?rest_route=%2Fwp%2Fv2%2Fmedia&parent=26640"}],"wp:term":[{"taxonomy":"category","embeddable":true,"href":"https:\/\/zonaroja.com.mx\/index.php?rest_route=%2Fwp%2Fv2%2Fcategories&post=26640"},{"taxonomy":"post_tag","embeddable":true,"href":"https:\/\/zonaroja.com.mx\/index.php?rest_route=%2Fwp%2Fv2%2Ftags&post=26640"}],"curies":[{"name":"wp","href":"https:\/\/api.w.org\/{rel}","templated":true}]}}