{"id":26642,"date":"2021-04-30T19:06:05","date_gmt":"2021-05-01T00:06:05","guid":{"rendered":"http:\/\/www.zonaroja.com.mx\/?p=26642"},"modified":"2021-04-30T19:06:14","modified_gmt":"2021-05-01T00:06:14","slug":"colapsa-hospital-civil-por-nulo-mantenimiento-a-equipos-insumos-y-medicamentos","status":"publish","type":"post","link":"https:\/\/zonaroja.com.mx\/?p=26642","title":{"rendered":"Colapsa Hospital Civil por nulo mantenimiento a equipos, insumos y medicamentos"},"content":{"rendered":"\n<p>Yuridiana Sosa\/Zona Roja.<\/p>\n\n\n\n<p>Oaxaca de Ju\u00e1rez, Oax., 30 de abril de 2021.- El Hospital Civil \u201cDr. Aurelio Valdivieso\u201d de Oaxaca carece desde hace dos a\u00f1os de p\u00f3lizas para el mantenimiento de equipos m\u00e9dicos de distintas \u00e1reas, as\u00ed como insumos, lo que deriv\u00f3 en el cierre parcial del \u00e1rea de quir\u00f3fano.<\/p>\n\n\n\n<p>Personal del \u00e1rea de Central de Esterilizaci\u00f3n y Equipos (Ceye) denunci\u00f3 que el equipo para la esterilizaci\u00f3n dej\u00f3 de funcionar, mismo que desde hace varios meses presentaba fallas que eran reparadas de forma provisional, dejando de funcionar el pasado 15 de abril.<\/p>\n\n\n\n<p>Aunado a eso, los insumos se agotaron este jueves, lo que imposibilita al personal m\u00e9dico continuar con actividades quir\u00fargicas, denunci\u00f3 en conferencia de prensa la Subsecci\u00f3n 07, de la Secci\u00f3n 35 del Sindicato Nacional de Trabajadores de la Secretar\u00eda de Salud (SNTSA).<\/p>\n\n\n\n<p>Ante este panorama, los m\u00e9dicos, enfermeras y personal del nosocomio m\u00e1s grande de los Servicios de Salud de Oaxaca demandaron al gobernador Alejandro Murat y al secretario de Salud, Juan Carlos M\u00e1rquez Heine, a garantizar los servicios hospitalarios; pues en el caso de M\u00e1rquez Heine, no ha asistido al nosocomio desde que es titular de la dependencia.<\/p>\n\n\n\n<p>El secretario general de la subsecci\u00f3n 07, Alberto V\u00e1squez San Germ\u00e1n, se\u00f1al\u00f3 que en lo general no existen p\u00f3lizas para los equipos m\u00e9dicos que garanticen el buen funcionamiento y vida \u00fatil, situaci\u00f3n que agrav\u00f3 a partir del 2019.<\/p>\n\n\n\n<figure class=\"wp-block-embed-twitter wp-block-embed is-type-rich is-provider-twitter\"><div class=\"wp-block-embed__wrapper\">\n<div class=\"twitter-tweet\"><blockquote class=\"twitter-tweet\" data-lang=\"es\"><p lang=\"es\" dir=\"ltr\"><a href=\"https:\/\/twitter.com\/hashtag\/ENVIVO?src=hash&amp;ref_src=twsrc%5Etfw\">#ENVIVO<\/a><br>Oaxaca de Ju\u00e1rez, Oax., 30 de abril de 2021.- Conferencia de prensa de m\u00e9dicos del Hospital Civil \u201cDr. Aurelio Valdivieso\u201d de Oaxaca, para denunciar anomal\u00edas por irresponsabilidad de los <a href=\"https:\/\/twitter.com\/SSO_GobOax?ref_src=twsrc%5Etfw\">@SSO_GobOax<\/a>.<br>Siga la transmisi\u00f3n:<br>\ud83d\udc47<a href=\"https:\/\/t.co\/HK7V1zP3yN\">https:\/\/t.co\/HK7V1zP3yN<\/a> <a href=\"https:\/\/t.co\/W8PRT0MeBv\">pic.twitter.com\/W8PRT0MeBv<\/a><\/p>&mdash; Zona Roja Oaxaca (@Zona_Roja_Oax) <a href=\"https:\/\/twitter.com\/Zona_Roja_Oax\/status\/1388138827303301120?ref_src=twsrc%5Etfw\">30 de abril de 2021<\/a><\/blockquote><\/div>\n<\/div><\/figure>\n\n\n\n<p>Precis\u00f3 que para el caso del equipo de autoclave de esterilizaci\u00f3n la reparaci\u00f3n requiere de m\u00e1s de 800 mil pesos; el tom\u00f3grafo, que tampoco cuenta con garant\u00eda, rebasa la cantidad de un mill\u00f3n 200 mil pesos para su mantenimiento, el cual es indispensable para el seguimiento de casos Covid-19.<\/p>\n\n\n\n<p>El hospital civil ha llegado, una vez m\u00e1s, al punto de no contar con medicamentos e insumos y aun as\u00ed, no han dejado de ofrecer atenci\u00f3n dentro de sus posibilidades a la poblaci\u00f3n con distintos padecimientos, pues no es exclusivo de Covid-19.<\/p>\n\n\n\n<p>Adem\u00e1s, dos de tres elevadores no funcionan, lo que pone en riesgo los traslados de pacientes dentro del hospital.<\/p>\n\n\n\n<p>Los trabajadores de las distintas \u00e1reas demandaron a la poblaci\u00f3n a ser conscientes de la lucha que el personal m\u00e9dico enfrenta diariamente con estas carencias, as\u00ed como con la falta de trabajadores de la salud que siguen en resguardo por la pandemia.<\/p>\n","protected":false},"excerpt":{"rendered":"<p>Yuridiana Sosa\/Zona Roja. Oaxaca de Ju\u00e1rez, Oax., 30 de abril de 2021.- El Hospital Civil&hellip;<\/p>\n","protected":false},"author":2,"featured_media":26643,"comment_status":"closed","ping_status":"open","sticky":false,"template":"","format":"standard","meta":{"_lmt_disableupdate":"","_lmt_disable":"","_jetpack_memberships_contains_paid_content":false,"footnotes":""},"categories":[109,47],"tags":[1005],"class_list":["post-26642","post","type-post","status-publish","format-standard","has-post-thumbnail","hentry","category-minuto-a-minuto","category-zona-gris","tag-servicios-de-salud-de-oaxaca-sso"],"jetpack_featured_media_url":"https:\/\/zonaroja.com.mx\/wp-content\/uploads\/2021\/04\/Crisis-Hospital-Civil.jpg","jetpack_sharing_enabled":true,"_links":{"self":[{"href":"https:\/\/zonaroja.com.mx\/index.php?rest_route=\/wp\/v2\/posts\/26642","targetHints":{"allow":["GET"]}}],"collection":[{"href":"https:\/\/zonaroja.com.mx\/index.php?rest_route=\/wp\/v2\/posts"}],"about":[{"href":"https:\/\/zonaroja.com.mx\/index.php?rest_route=\/wp\/v2\/types\/post"}],"author":[{"embeddable":true,"href":"https:\/\/zonaroja.com.mx\/index.php?rest_route=\/wp\/v2\/users\/2"}],"replies":[{"embeddable":true,"href":"https:\/\/zonaroja.com.mx\/index.php?rest_route=%2Fwp%2Fv2%2Fcomments&post=26642"}],"version-history":[{"count":1,"href":"https:\/\/zonaroja.com.mx\/index.php?rest_route=\/wp\/v2\/posts\/26642\/revisions"}],"predecessor-version":[{"id":26644,"href":"https:\/\/zonaroja.com.mx\/index.php?rest_route=\/wp\/v2\/posts\/26642\/revisions\/26644"}],"wp:featuredmedia":[{"embeddable":true,"href":"https:\/\/zonaroja.com.mx\/index.php?rest_route=\/wp\/v2\/media\/26643"}],"wp:attachment":[{"href":"https:\/\/zonaroja.com.mx\/index.php?rest_route=%2Fwp%2Fv2%2Fmedia&parent=26642"}],"wp:term":[{"taxonomy":"category","embeddable":true,"href":"https:\/\/zonaroja.com.mx\/index.php?rest_route=%2Fwp%2Fv2%2Fcategories&post=26642"},{"taxonomy":"post_tag","embeddable":true,"href":"https:\/\/zonaroja.com.mx\/index.php?rest_route=%2Fwp%2Fv2%2Ftags&post=26642"}],"curies":[{"name":"wp","href":"https:\/\/api.w.org\/{rel}","templated":true}]}}