{"id":26651,"date":"2021-04-30T21:14:09","date_gmt":"2021-05-01T02:14:09","guid":{"rendered":"http:\/\/www.zonaroja.com.mx\/?p=26651"},"modified":"2021-04-30T21:14:14","modified_gmt":"2021-05-01T02:14:14","slug":"opinion-los-ministros-de-culto-y-las-elecciones","status":"publish","type":"post","link":"https:\/\/zonaroja.com.mx\/?p=26651","title":{"rendered":"Opini\u00f3n. Los ministros de culto y las elecciones"},"content":{"rendered":"\n<p>Porfirio Flores*<\/p>\n\n\n\n<p>La Secretar\u00eda de Gobernaci\u00f3n emiti\u00f3 este lunes 26 de abril un comunicado para solicitar a los ministros de culto que se abstengan de opinar sobre candidatos o partidos pol\u00edticos y lanza una vedada que amenaza con sancionarlos de acuerdo a lo estipulado en la Ley de Asociaciones Religiosas y Culto P\u00fablico que reglamenta los art\u00edculos 24 y 130 de la Constituci\u00f3n Pol\u00edtica de los Estados Unidos Mexicanos.<\/p>\n\n\n\n<p>Dicha decisi\u00f3n obedece a que el obispo de Mexicali, Baja California, Isidro Guerrero Mac\u00edas, promovi\u00f3 en plena misa la candidatura a la presidencia municipal de la panista Eva Mar\u00eda V\u00e1squez y por lo cual integrantes de la comunidad LGBT se inconformaron y amenazaron al prelado con denunciarlo.<\/p>\n\n\n\n<p>Este conflicto reabre de nueva cuenta un viejo y antiguo debate sobre la participaci\u00f3n pol\u00edtica de los ministros de culto. La hist\u00f3rica separaci\u00f3n de la Iglesia con el Estado desde los tiempos de Benito Ju\u00e1rez ha sido siempre el argumento que blanden todos los gobiernos a la hora de modificar el estatus de los religiosos en cuanto a su libertad de expresi\u00f3n.<\/p>\n\n\n\n<p>Sin embargo, es sumamente cuestionable dicha posici\u00f3n porque cuando se trata de los derechos de la comunidad LGBT, se apela a un Estado moderno que garantice los derechos de las minor\u00edas, que visibilice su d\u00e9bil condici\u00f3n social y que los incruste con todas sus garant\u00edas en la sociedad mexicana.<\/p>\n\n\n\n<p>Eso suena muy moderno, pero cuando se trata de los derechos de los ministros de culto, no s\u00f3lo se les restringe su libertad de expresi\u00f3n para que puedan opinar de lo que sea, pero particularmente de los candidatos a tal o cual puesto de elecci\u00f3n popular, en una clara expresi\u00f3n de conculcarles sus derechos.<\/p>\n\n\n\n<p>Pero no s\u00f3lo eso. No s\u00f3lo se trata de hollar sus derechos, sino todav\u00eda m\u00e1s: de restringirlos, me explico:<\/p>\n\n\n\n<p>En estos momentos la C\u00e1mara de Diputados tiene en comisiones y apunto de subir al pleno una iniciativa que proh\u00edbe a los ministros de culto se\u00f1alar como abominaci\u00f3n las relaciones de personas del mismo sexo.<\/p>\n\n\n\n<p>No quieren que digan ni abominaci\u00f3n, ni perversidad, ni nada que los haga sentirse lastimados en sus derechos humanos.<\/p>\n\n\n\n<p>Pero dicha expresi\u00f3n se encuentra en la Escritura B\u00edblica, particularmente en el libro de Lev\u00edtico 18: 22 que dice: \u201cNo te echar\u00e1s con var\u00f3n como con mujer; es abominaci\u00f3n\u201d.<\/p>\n\n\n\n<p>No es una opini\u00f3n personal de los ministros de culto, es una doctrina de la Biblia, pero la C\u00e1mara de Diputados quiere legislar para que no se use ninguna clase de adjetivos al referirse a los homosexuales.<\/p>\n\n\n\n<p>El Estado moderno que plantean los legisladores de Morena s\u00f3lo se alcanza, seg\u00fan ellos, si el gobierno reconoce los derechos humanos de la comunidad LGTB, en tanto que los derechos de los ministros no.<\/p>\n\n\n\n<p>Es una relaci\u00f3n asim\u00e9trica y desproporcionada porque se le da m\u00e1s a unos y se le resta m\u00e1s a otros.<\/p>\n\n\n\n<p>Los ministros de culto de todas las confesiones con presencia en M\u00e9xico, mantienen su expectativa para que el gobierno se abra a este debate y decida junto con acad\u00e9micos, legisladores de todos los colores y la sociedad en general que ha de hacerse con este viejo debate.<\/p>\n\n\n\n<p>Este es un panorama muy distinto de lo que ocurre en otras latitudes, por ejemplo en Estados Unidos, muchos ministros de culto no solo pueden opinar de cualquier tema, algunos de ellos incluso son legisladores o gobernadores.<\/p>\n\n\n\n<p>*Abogado y periodista.<\/p>\n","protected":false},"excerpt":{"rendered":"<p>Porfirio Flores* La Secretar\u00eda de Gobernaci\u00f3n emiti\u00f3 este lunes 26 de abril un comunicado para&hellip;<\/p>\n","protected":false},"author":2,"featured_media":25176,"comment_status":"closed","ping_status":"open","sticky":false,"template":"","format":"standard","meta":{"_lmt_disableupdate":"","_lmt_disable":"","_jetpack_memberships_contains_paid_content":false,"footnotes":""},"categories":[109,47],"tags":[2515],"class_list":["post-26651","post","type-post","status-publish","format-standard","has-post-thumbnail","hentry","category-minuto-a-minuto","category-zona-gris","tag-porfirio-flores-zuniga"],"jetpack_featured_media_url":"https:\/\/zonaroja.com.mx\/wp-content\/uploads\/2021\/03\/Porfirio-Flores-Zuniga.png","jetpack_sharing_enabled":true,"_links":{"self":[{"href":"https:\/\/zonaroja.com.mx\/index.php?rest_route=\/wp\/v2\/posts\/26651","targetHints":{"allow":["GET"]}}],"collection":[{"href":"https:\/\/zonaroja.com.mx\/index.php?rest_route=\/wp\/v2\/posts"}],"about":[{"href":"https:\/\/zonaroja.com.mx\/index.php?rest_route=\/wp\/v2\/types\/post"}],"author":[{"embeddable":true,"href":"https:\/\/zonaroja.com.mx\/index.php?rest_route=\/wp\/v2\/users\/2"}],"replies":[{"embeddable":true,"href":"https:\/\/zonaroja.com.mx\/index.php?rest_route=%2Fwp%2Fv2%2Fcomments&post=26651"}],"version-history":[{"count":1,"href":"https:\/\/zonaroja.com.mx\/index.php?rest_route=\/wp\/v2\/posts\/26651\/revisions"}],"predecessor-version":[{"id":26652,"href":"https:\/\/zonaroja.com.mx\/index.php?rest_route=\/wp\/v2\/posts\/26651\/revisions\/26652"}],"wp:featuredmedia":[{"embeddable":true,"href":"https:\/\/zonaroja.com.mx\/index.php?rest_route=\/wp\/v2\/media\/25176"}],"wp:attachment":[{"href":"https:\/\/zonaroja.com.mx\/index.php?rest_route=%2Fwp%2Fv2%2Fmedia&parent=26651"}],"wp:term":[{"taxonomy":"category","embeddable":true,"href":"https:\/\/zonaroja.com.mx\/index.php?rest_route=%2Fwp%2Fv2%2Fcategories&post=26651"},{"taxonomy":"post_tag","embeddable":true,"href":"https:\/\/zonaroja.com.mx\/index.php?rest_route=%2Fwp%2Fv2%2Ftags&post=26651"}],"curies":[{"name":"wp","href":"https:\/\/api.w.org\/{rel}","templated":true}]}}