{"id":26653,"date":"2021-04-30T21:47:47","date_gmt":"2021-05-01T02:47:47","guid":{"rendered":"http:\/\/www.zonaroja.com.mx\/?p=26653"},"modified":"2021-04-30T21:47:52","modified_gmt":"2021-05-01T02:47:52","slug":"comunidades-de-oaxaca-y-horacio-sosa-van-por-la-defensa-y-el-cuidado-del-agua","status":"publish","type":"post","link":"https:\/\/zonaroja.com.mx\/?p=26653","title":{"rendered":"Comunidades de Oaxaca y Horacio Sosa van por la defensa y el cuidado del agua"},"content":{"rendered":"\n<p>Redacci\u00f3n\/Zona Roja.<\/p>\n\n\n\n<p>Oaxaca de Ju\u00e1rez, Oax., 30 de abril del 2021.- En Oaxaca, 332 de los 570 municipios padecen de climas anormalmente secos, al tiempo que el n\u00famero de municipalidades con sequ\u00eda moderada y severa aument\u00f3 a 16, de acuerdo con el \u00faltimo reporte del Monitor de Sequ\u00eda de la Comisi\u00f3n Nacional del Agua (Conagua).<\/p>\n\n\n\n<p>Respecto a ello, Horacio Sosa Villavicencio, candidato de Morena a la diputaci\u00f3n local por el distrito XVI, con cabecera en Zimatl\u00e1n, asumi\u00f3 junto a las comunidades de Valles Centrales la lucha por la defensa y protecci\u00f3n del agua en el estado, a trav\u00e9s de un trabajo legislativo que proteja al vital l\u00edquido e instaure como pol\u00edtica p\u00fablica la captaci\u00f3n y siembra de agua.&nbsp;<\/p>\n\n\n\n<p>Se\u00f1al\u00f3 que la situaci\u00f3n que enfrentan las comunidades de Valles Centrales es catastr\u00f3fica, y requiere de la atenci\u00f3n urgente del gobierno estatal. Dijo que la siembra y retenci\u00f3n de agua es una pr\u00e1ctica comunitaria que ya iniciaron algunas comunidades de Valles Centrales, sin embargo, necesitan el acompa\u00f1amiento del Estado para lograr incentivar estas pr\u00e1cticas.<\/p>\n\n\n\n<p>\u201cHoy vemos solas a las comunidades, dando la batalla para conservar el agua. Ah\u00ed deben estar los tres poderes del estado: haciendo, protegiendo y legislado a favor de la siembra y captaci\u00f3n de agua\u201d, se\u00f1al\u00f3 Sosa Villavicencio.<\/p>\n\n\n\n<p>En 2013, Horacio Sosa fue presidente municipal de San Bartolo Coyotepec, en ese a\u00f1o la comunidad recibi\u00f3 el premio nacional \u201cGobierno y Gesti\u00f3n Local 2013\u201d, otorgado al programa Municipio Ambientalmente Responsable que impuls\u00f3 con el fin de recuperar el entorno natural de esa localidad cercana a la capital del estado.<\/p>\n\n\n\n<p>Entre las acciones realizadas fueron: la retenci\u00f3n de agua de lluvia, a trav\u00e9s de la construcci\u00f3n de represas, zanjas bordo. Esta acci\u00f3n tambi\u00e9n se le conoce como \u201csiembra de agua\u201d.<\/p>\n","protected":false},"excerpt":{"rendered":"<p>Redacci\u00f3n\/Zona Roja. Oaxaca de Ju\u00e1rez, Oax., 30 de abril del 2021.- En Oaxaca, 332 de&hellip;<\/p>\n","protected":false},"author":2,"featured_media":26654,"comment_status":"closed","ping_status":"open","sticky":false,"template":"","format":"standard","meta":{"_lmt_disableupdate":"","_lmt_disable":"","_jetpack_memberships_contains_paid_content":false,"footnotes":""},"categories":[109,46],"tags":[444],"class_list":["post-26653","post","type-post","status-publish","format-standard","has-post-thumbnail","hentry","category-minuto-a-minuto","category-zona-blanca","tag-horacio-sosa-villavicencio"],"jetpack_featured_media_url":"https:\/\/zonaroja.com.mx\/wp-content\/uploads\/2021\/04\/Agua-2.jpg","jetpack_sharing_enabled":true,"_links":{"self":[{"href":"https:\/\/zonaroja.com.mx\/index.php?rest_route=\/wp\/v2\/posts\/26653","targetHints":{"allow":["GET"]}}],"collection":[{"href":"https:\/\/zonaroja.com.mx\/index.php?rest_route=\/wp\/v2\/posts"}],"about":[{"href":"https:\/\/zonaroja.com.mx\/index.php?rest_route=\/wp\/v2\/types\/post"}],"author":[{"embeddable":true,"href":"https:\/\/zonaroja.com.mx\/index.php?rest_route=\/wp\/v2\/users\/2"}],"replies":[{"embeddable":true,"href":"https:\/\/zonaroja.com.mx\/index.php?rest_route=%2Fwp%2Fv2%2Fcomments&post=26653"}],"version-history":[{"count":1,"href":"https:\/\/zonaroja.com.mx\/index.php?rest_route=\/wp\/v2\/posts\/26653\/revisions"}],"predecessor-version":[{"id":26655,"href":"https:\/\/zonaroja.com.mx\/index.php?rest_route=\/wp\/v2\/posts\/26653\/revisions\/26655"}],"wp:featuredmedia":[{"embeddable":true,"href":"https:\/\/zonaroja.com.mx\/index.php?rest_route=\/wp\/v2\/media\/26654"}],"wp:attachment":[{"href":"https:\/\/zonaroja.com.mx\/index.php?rest_route=%2Fwp%2Fv2%2Fmedia&parent=26653"}],"wp:term":[{"taxonomy":"category","embeddable":true,"href":"https:\/\/zonaroja.com.mx\/index.php?rest_route=%2Fwp%2Fv2%2Fcategories&post=26653"},{"taxonomy":"post_tag","embeddable":true,"href":"https:\/\/zonaroja.com.mx\/index.php?rest_route=%2Fwp%2Fv2%2Ftags&post=26653"}],"curies":[{"name":"wp","href":"https:\/\/api.w.org\/{rel}","templated":true}]}}