{"id":26656,"date":"2021-04-30T22:11:26","date_gmt":"2021-05-01T03:11:26","guid":{"rendered":"http:\/\/www.zonaroja.com.mx\/?p=26656"},"modified":"2021-04-30T22:11:33","modified_gmt":"2021-05-01T03:11:33","slug":"periodista-oaxaqueno-agredido-exige-que-no-haya-impunidad","status":"publish","type":"post","link":"https:\/\/zonaroja.com.mx\/?p=26656","title":{"rendered":"Periodista oaxaque\u00f1o agredido exige que no haya impunidad"},"content":{"rendered":"\n<p>Yuridiana Sosa\/Zona Roja.<\/p>\n\n\n\n<p>Oaxaca de Ju\u00e1rez, Oax., 30 de abril de 2021.-&nbsp; El periodista Tom\u00e1s Mart\u00ednez Ju\u00e1rez, present\u00f3 hoy su denuncia ante la Fiscal\u00eda General del Estado de Oaxaca, ante la agresi\u00f3n que sufri\u00f3 por parte de presuntos mototaxistas de Santa Cruz Xoxocotl\u00e1n tras cubrir un evento de violencia; exigi\u00f3 que esta vez el hecho no quede impune.<\/p>\n\n\n\n<p>\u201cNo podemos estar de rodillas ante alguna agresi\u00f3n\u201d, sentenci\u00f3 el reportero del diario \u201cNoticias, Voz e Imagen de Oaxaca\u201d, frente a otra serie de actos violentos contra el gremio de las diferentes secciones y ante la impunidad de justicia de la que ha sido v\u00edctima en otras ocasiones.<\/p>\n\n\n\n<p>Tom\u00e1s Mart\u00ednez agreg\u00f3: \u201cCuando lo \u00fanico que estoy haciendo es mi labor period\u00edstica e informar a la ciudadan\u00eda, lo que sucede\u201d.<\/p>\n\n\n\n<p>LOS HECHOS<\/p>\n\n\n\n<p>En conferencia de prensa, afuera de las oficinas de la FGE en el Centro Hist\u00f3rico de Oaxaca, el reportero detall\u00f3 parte de los hechos violentos y dijo que acudi\u00f3 a cubrir un hecho violento a la calle de Fresno en la colonia Reforma Agraria del municipio de Santa Cruz Xoxocotl\u00e1n.<\/p>\n\n\n\n<p>Luego de realizar una transmisi\u00f3n en vivo para el medio de comunicaci\u00f3n donde labora y en el que no ocurre ning\u00fan incidente que atentara contra los que aparecen en el video, se dispon\u00eda a retarse del lugar cuando fue agredido.<\/p>\n\n\n\n<p>El grupo de hombres se aproxim\u00f3 hasta donde se encontraba y lo golpearon en la cabeza con un bate. Lesiones mayores fueron memorizadas por el casco de motociclista que ten\u00eda puesto, sin embargo, lograron aflojarle algunos dientes.<\/p>\n\n\n\n<p>Los mototaxistas exigieron de forma violenta que bajara de las redes el video y prosiguieron a robarle su mochila en la que ten\u00eda una c\u00e1mara fotogr\u00e1fica y documentos personales, as\u00ed como su equipo de trabajo, propiedad de la empresa y propios.<\/p>\n\n\n\n<p>Mart\u00ednez Ju\u00e1rez les indic\u00f3 que esa decisi\u00f3n la tomaba la direcci\u00f3n de la empresa, por lo que les propuso llamar o acudir al medio para hacer la solicitud, lo que le enfad\u00f3 y como m\u00e9todo de chantaje, los agresores le indicaron que le devolver\u00edan sus partencias hasta que bajara el video.<\/p>\n\n\n\n<p>\u201cNo podemos estar de rodillas ante alguna agresi\u00f3n cuando lo \u00fanico que estoy haciendo es mi labor period\u00edstica e informar a la ciudadan\u00eda lo que sucede\u201d, dijo en entrevista.<\/p>\n\n\n\n<figure class=\"wp-block-embed-twitter wp-block-embed is-type-rich is-provider-twitter\"><div class=\"wp-block-embed__wrapper\">\n<div class=\"twitter-tweet\"><blockquote class=\"twitter-tweet\" data-lang=\"es\"><p lang=\"es\" dir=\"ltr\"><a href=\"https:\/\/twitter.com\/hashtag\/ENVIVO?src=hash&amp;ref_src=twsrc%5Etfw\">#ENVIVO<\/a> <br>Oaxaca de Ju\u00e1rez, Oax., 30 de abril de 2021.- El periodista Tom\u00e1s Mart\u00ednez Ju\u00e1rez (<a href=\"https:\/\/twitter.com\/Tomas7J?ref_src=twsrc%5Etfw\">@Tomas7J<\/a>) presenta denuncia en la Fiscal\u00eda General del Estado de Oaxaca, tras agresiones que sufri\u00f3 ayer.<br>Aqu\u00ed la transmisi\u00f3n:<br>\ud83d\udc47<a href=\"https:\/\/t.co\/2GNF1DwMsI\">https:\/\/t.co\/2GNF1DwMsI<\/a> <a href=\"https:\/\/t.co\/9CH6IqPm3A\">pic.twitter.com\/9CH6IqPm3A<\/a><\/p>&mdash; Zona Roja Oaxaca (@Zona_Roja_Oax) <a href=\"https:\/\/twitter.com\/Zona_Roja_Oax\/status\/1388232659680256001?ref_src=twsrc%5Etfw\">30 de abril de 2021<\/a><\/blockquote><\/div>\n<\/div><\/figure>\n\n\n\n<p>JUSTICIA<\/p>\n\n\n\n<p>El video fue presentado por Tom\u00e1s Mart\u00ednez como prueba, pues en el material reconoce a las personas que lo agredieron; al hombre que porta el bate y a otros que participaron en la agresi\u00f3n.<\/p>\n\n\n\n<p>Durante la apertura del expediente y la declaraci\u00f3n, el periodista agradeci\u00f3 la atenci\u00f3n del personal de la Fiscal\u00eda General y pidi\u00f3 que se agregara el delito contra la libertad de prensa, adem\u00e1s de los que s\u00f3lo hab\u00edan incluido que son robo y lesiones, pues el acto se deriv\u00f3 de su labor como reportero.<\/p>\n\n\n\n<p>\u201cExijo al Tribunal Superior de Justicia que haga resoluciones con base a pruebas, que vean antecedentes, de lo contrario hay una ley muerta\u201d, asever\u00f3 el reportero, quien en 2003 tambi\u00e9n fue v\u00edctima de un atentado y nunca hubo justicia por el caso.<\/p>\n\n\n\n<p>En ese entonces, record\u00f3, el gobernador le propuso seguridad, pero se neg\u00f3 a recibirla y expres\u00f3 que esos polic\u00edas que los cuidar\u00edan, que mejor se dediquen a detener a los responsables de delinquir.<\/p>\n\n\n\n<p>El integrante de la Asociaci\u00f3n de Periodistas de Informaci\u00f3n Policiaca, Jorge P\u00e9rez, demand\u00f3 que el caso no quede impune y exigi\u00f3 justicia por este y otros hechos contra m\u00e1s compa\u00f1eros de la prensa.<\/p>\n\n\n\n<p>Por su parte, la Defensor\u00eda de los Derechos Humanos del Pueblo de Oaxaca, condena los actos de violencia cometidos contra el periodista e inform\u00f3 que de enero de 2015 hasta abril de 2021, este organismo aut\u00f3nomo ha iniciado 273 investigaciones relacionadas con agresiones al gremio period\u00edstico.<\/p>\n","protected":false},"excerpt":{"rendered":"<p>Yuridiana Sosa\/Zona Roja. Oaxaca de Ju\u00e1rez, Oax., 30 de abril de 2021.-&nbsp; El periodista Tom\u00e1s&hellip;<\/p>\n","protected":false},"author":2,"featured_media":26657,"comment_status":"closed","ping_status":"open","sticky":false,"template":"","format":"standard","meta":{"_lmt_disableupdate":"","_lmt_disable":"","_jetpack_memberships_contains_paid_content":false,"footnotes":""},"categories":[109,47],"tags":[2643],"class_list":["post-26656","post","type-post","status-publish","format-standard","has-post-thumbnail","hentry","category-minuto-a-minuto","category-zona-gris","tag-tomas-martinez-juarez"],"jetpack_featured_media_url":"https:\/\/zonaroja.com.mx\/wp-content\/uploads\/2021\/04\/Tomas-Martinez-Juarez.jpg","jetpack_sharing_enabled":true,"_links":{"self":[{"href":"https:\/\/zonaroja.com.mx\/index.php?rest_route=\/wp\/v2\/posts\/26656","targetHints":{"allow":["GET"]}}],"collection":[{"href":"https:\/\/zonaroja.com.mx\/index.php?rest_route=\/wp\/v2\/posts"}],"about":[{"href":"https:\/\/zonaroja.com.mx\/index.php?rest_route=\/wp\/v2\/types\/post"}],"author":[{"embeddable":true,"href":"https:\/\/zonaroja.com.mx\/index.php?rest_route=\/wp\/v2\/users\/2"}],"replies":[{"embeddable":true,"href":"https:\/\/zonaroja.com.mx\/index.php?rest_route=%2Fwp%2Fv2%2Fcomments&post=26656"}],"version-history":[{"count":1,"href":"https:\/\/zonaroja.com.mx\/index.php?rest_route=\/wp\/v2\/posts\/26656\/revisions"}],"predecessor-version":[{"id":26658,"href":"https:\/\/zonaroja.com.mx\/index.php?rest_route=\/wp\/v2\/posts\/26656\/revisions\/26658"}],"wp:featuredmedia":[{"embeddable":true,"href":"https:\/\/zonaroja.com.mx\/index.php?rest_route=\/wp\/v2\/media\/26657"}],"wp:attachment":[{"href":"https:\/\/zonaroja.com.mx\/index.php?rest_route=%2Fwp%2Fv2%2Fmedia&parent=26656"}],"wp:term":[{"taxonomy":"category","embeddable":true,"href":"https:\/\/zonaroja.com.mx\/index.php?rest_route=%2Fwp%2Fv2%2Fcategories&post=26656"},{"taxonomy":"post_tag","embeddable":true,"href":"https:\/\/zonaroja.com.mx\/index.php?rest_route=%2Fwp%2Fv2%2Ftags&post=26656"}],"curies":[{"name":"wp","href":"https:\/\/api.w.org\/{rel}","templated":true}]}}