{"id":2666,"date":"2019-07-31T07:42:09","date_gmt":"2019-07-31T12:42:09","guid":{"rendered":"http:\/\/www.zonaroja.com.mx\/?p=2666"},"modified":"2019-07-31T07:42:11","modified_gmt":"2019-07-31T12:42:11","slug":"familia-hondurena-relata-la-pesadilla-que-vivieron-por-secuestro-en-oaxaca","status":"publish","type":"post","link":"https:\/\/zonaroja.com.mx\/?p=2666","title":{"rendered":"Familia hondure\u00f1a relata la pesadilla que vivieron por secuestro en Oaxaca"},"content":{"rendered":"\n<p>Tamara Corro\ny Roxana Aguirre\/Peri\u00f3dico Excelsior<\/p>\n\n\n\n<p>Veracruz.- Heriberto,\nel padre de la familia hondure\u00f1a que fue secuestrada, relat\u00f3 a EXCELSIOR la\nmanera c\u00f3mo pudo soportar los 13 d\u00edas que estuvo privado de su libertad junto\ncon su esposa y sus tres hijos menores de edad.<\/p>\n\n\n\n<p>\u201cNos\nencomendamos en las manos de Dios, oramos momentos, en el d\u00eda, unas cinco veces\nal d\u00eda o m\u00e1s, orando, cantando himnos de la iglesia, los ni\u00f1os, como son\ninocentes, no sent\u00edan la angustia que nosotros\u00bb, coment\u00f3 Heriberto Vela.<\/p>\n\n\n\n<p>Tras salir\nde su pa\u00eds, vivieron durante un mes en Tuxtla Guti\u00e9rrez Chiapas, pero al\ncontinuar su camino al \u201csue\u00f1o americano\u201d quisieron evitar a Migraci\u00f3n y al irse\npor otro lado, se toparon con los delincuentes.<\/p>\n\n\n\n<p>\u201cEs que\ntratamos de rodear una garita de migraci\u00f3n, entonces nos metimos a un monte y\nah\u00ed nos detuvieron. Nosotros pensamos al principio que era un asalto nada m\u00e1s,\npero result\u00f3 que no, que nos retuvieron, no nos dejaron salir, nos retuvieron\ncon amenazas\u00bb, explic\u00f3.<\/p>\n\n\n\n<p>Lo m\u00e1s\ndif\u00edcil para Heriberto y su esposa fue mantener tranquilos a sus tres hijos,\nsin embargo, se las idearon para que no se dieran cuenta de esta pesadilla.<\/p>\n\n\n\n<p>\u201cGracias a\nDios ah\u00ed ten\u00edamos unos cepillos dentales de nosotros y con eso nos pon\u00edamos a\njugar, con los peines y con los cepillos, en cada momento nos call\u00e1bamos,\nporque eso s\u00ed, a cada ratito nos ven\u00edan a decir que nos call\u00e1ramos, que los\ncall\u00e1ramos a ellos, pero gracias a Dios, los ni\u00f1os no los incomodaron, los\n\u00e1ngeles de Dios estuvieron con ellos\u00bb, afirm\u00f3 Heriberto.<\/p>\n\n\n\n<p>Aunque por momentos,\na los peque\u00f1os les entraba la desesperaci\u00f3n y ped\u00edan a sus padres ya salir del\nencierro.<\/p>\n\n\n\n<p>\u201cTodas las\nnoches nos dec\u00edan que ya no aguantaban estar ah\u00ed, nos dec\u00edan que les picaban el\ncuerpo, que se sent\u00edan con la necesidad de salir, no quer\u00edan estar encerrados,\nque por qu\u00e9 est\u00e1bamos ah\u00ed encerrados, que necesitan salir al ba\u00f1o, todo\neso\u00bb, relat\u00f3.<\/p>\n\n\n\n<p>Heriberto,\nquien se logra ver en aparente buen estado de salud al igual que su familia,\nasegur\u00f3 que no los golpearon, les daban de comer arroz y frijoles, pero siempre\nse mantuvieron temerosos por las constantes amenazas.<\/p>\n\n\n\n<p>\u201cMiedo desde\nel comienzo, un pavor latente porque nos amenazaron a base de armas, pero en\nrealidad no puedo decir espec\u00edficamente cu\u00e1ntos eran, eran varios, estoy bien\nseguro\u00bb, dijo Heriberto.<\/p>\n\n\n\n<p>De acuerdo\ncon las autoridades, la familia fue secuestrada en alg\u00fan lugar de Ixtepec,\nOaxaca, desde el pasado 19 de julio y ayer fueron liberados en Tuxtla\nGuti\u00e9rrez, Chiapas.<\/p>\n\n\n\n<p>\u201cFueron\nsecuestrados en la zona de Oaxaca y fueron mantenidos en la zona de Oaxaca, los\ndetuvieron cinco personas armadas y personas con machete, en cierto momento\nhubo discrepancia entre los delincuentes y ellos al final los agarr\u00f3 el comando\nque ten\u00edan las armas y se los llevaron a un lugar muy alejado de la ciudad,\nellos comentan que terracer\u00eda, lugares muy alejados, los tuvieron como en una\nbodega, ah\u00ed les tomaban las fotograf\u00eda, ah\u00ed les tomaban los videos\u00bb,\nexplic\u00f3 Carlos Escalante, titular de Atenci\u00f3n a Migrantes en Veracruz.<\/p>\n\n\n\n<p>En tanto,\nErick Cisneros, secretario de Gobierno de Veracruz, aclar\u00f3:<\/p>\n\n\n\n<p>Los\nhondure\u00f1os jam\u00e1s estuvieron en Veracruz y hoy por la ma\u00f1ana estuve platicando\ncon el c\u00f3nsul de Honduras de aqu\u00ed de Veracruz y nos reiteraba esa parte, hoy\nestuvieron en Veracruz porque fueron tra\u00eddos para ac\u00e1\u00bb<\/p>\n\n\n\n<p>Desde la\nmadrugada de este martes, la familia fue trasladada a declarar a la Unidad\nEspecializada Contra el Secuestro en Coatzacoalcos y despu\u00e9s los llevaron por\nla ma\u00f1ana a un hotel del puerto de Veracruz, mientras se decide su situaci\u00f3n.<\/p>\n\n\n\n<p>Y aunque\nHeriberto considera quedarse en M\u00e9xico a trabajar, se siente arrepentido de\nhaber arriesgado a su familia de esa manera.<\/p>\n\n\n\n<p>Arrepentidos\ndesde el primer d\u00eda que nos sucedi\u00f3 de habernos hecho esa locura, con estos\nni\u00f1os y meternos a ese monte y jam\u00e1s lo volver\u00eda a hacer, jam\u00e1s de los jamases,\ny aconsejo a cualquier persona que quisiera hacerlo, que pens\u00e9 dos veces, que\nas\u00ed como nosotros tuvimos buena suerte, a otra gente no puede correr la misma\nsuerte\u00bb, afirm\u00f3.<\/p>\n\n\n\n<p>Seg\u00fan el\nFiscal de Atenci\u00f3n a Migrantes hay una persona detenida y en el sitio donde los\nrescataron hallaron dos cuerpos.<\/p>\n\n\n\n<p>Adem\u00e1s, el\ndirector de Atenci\u00f3n a Migrantes del estado se\u00f1al\u00f3 que la familia pag\u00f3 una\nparte del rescate.<\/p>\n","protected":false},"excerpt":{"rendered":"<p>Tamara Corro y Roxana Aguirre\/Peri\u00f3dico Excelsior Veracruz.- Heriberto, el padre de la familia hondure\u00f1a que&hellip;<\/p>\n","protected":false},"author":2,"featured_media":2644,"comment_status":"closed","ping_status":"open","sticky":false,"template":"","format":"standard","meta":{"_lmt_disableupdate":"","_lmt_disable":"","_jetpack_memberships_contains_paid_content":false,"footnotes":""},"categories":[109,51],"tags":[],"class_list":["post-2666","post","type-post","status-publish","format-standard","has-post-thumbnail","hentry","category-minuto-a-minuto","category-zona-roja"],"jetpack_featured_media_url":"https:\/\/zonaroja.com.mx\/wp-content\/uploads\/2019\/07\/Image-1-1.png","jetpack_sharing_enabled":true,"_links":{"self":[{"href":"https:\/\/zonaroja.com.mx\/index.php?rest_route=\/wp\/v2\/posts\/2666","targetHints":{"allow":["GET"]}}],"collection":[{"href":"https:\/\/zonaroja.com.mx\/index.php?rest_route=\/wp\/v2\/posts"}],"about":[{"href":"https:\/\/zonaroja.com.mx\/index.php?rest_route=\/wp\/v2\/types\/post"}],"author":[{"embeddable":true,"href":"https:\/\/zonaroja.com.mx\/index.php?rest_route=\/wp\/v2\/users\/2"}],"replies":[{"embeddable":true,"href":"https:\/\/zonaroja.com.mx\/index.php?rest_route=%2Fwp%2Fv2%2Fcomments&post=2666"}],"version-history":[{"count":1,"href":"https:\/\/zonaroja.com.mx\/index.php?rest_route=\/wp\/v2\/posts\/2666\/revisions"}],"predecessor-version":[{"id":2667,"href":"https:\/\/zonaroja.com.mx\/index.php?rest_route=\/wp\/v2\/posts\/2666\/revisions\/2667"}],"wp:featuredmedia":[{"embeddable":true,"href":"https:\/\/zonaroja.com.mx\/index.php?rest_route=\/wp\/v2\/media\/2644"}],"wp:attachment":[{"href":"https:\/\/zonaroja.com.mx\/index.php?rest_route=%2Fwp%2Fv2%2Fmedia&parent=2666"}],"wp:term":[{"taxonomy":"category","embeddable":true,"href":"https:\/\/zonaroja.com.mx\/index.php?rest_route=%2Fwp%2Fv2%2Fcategories&post=2666"},{"taxonomy":"post_tag","embeddable":true,"href":"https:\/\/zonaroja.com.mx\/index.php?rest_route=%2Fwp%2Fv2%2Ftags&post=2666"}],"curies":[{"name":"wp","href":"https:\/\/api.w.org\/{rel}","templated":true}]}}