{"id":26665,"date":"2021-05-01T07:37:01","date_gmt":"2021-05-01T12:37:01","guid":{"rendered":"http:\/\/www.zonaroja.com.mx\/?p=26665"},"modified":"2021-05-01T07:37:04","modified_gmt":"2021-05-01T12:37:04","slug":"camara-alta-quita-fuero-a-gobernador-de-tamaulipas-congreso-local-se-lo-regresa","status":"publish","type":"post","link":"https:\/\/zonaroja.com.mx\/?p=26665","title":{"rendered":"C\u00e1mara alta quita fuero a gobernador de Tamaulipas; Congreso local se lo regresa"},"content":{"rendered":"\n<p>Redacci\u00f3n\/Zona Roja Cdmx.<\/p>\n\n\n\n<p>Ciudad de M\u00e9xico, 1 de mayo de 2021.- La C\u00e1mara de Diputados aprob\u00f3 ayer quitarle el fuero al gobernador de Tamaulipas, Francisco Javier Garc\u00eda Cabeza de Vaca, a petici\u00f3n de la Fiscal\u00eda General de la Rep\u00fablica (FGR) para que pueda juzgarlo por delitos como defraudaci\u00f3n fiscal equiparada; sin embargo, minutos m\u00e1s tarde, en el Congreso local de esa entidad aprobaron frenar la resoluci\u00f3n.<\/p>\n\n\n\n<p>En San L\u00e1zaro, el Pleno erigido en Jurado de Procedencia discuti\u00f3 por seis horas y media el dictamen, aprob\u00e1ndolo con 302 a favor, 14 abstenciones y 134 en contra. El rechazo fue de la oposici\u00f3n, pues acus\u00f3 a Morena y aliados de hacer un \u201cuso electoral de la justicia\u201d.<\/p>\n\n\n\n<p>Por la parte acusatoria, la agente de la FGR, Elizabeth Alc\u00e1ntar Cruz, argument\u00f3 que Garc\u00eda Cabeza de Vaca, \u201cvali\u00e9ndose de cargos p\u00fablicos\u201d, ha acumulado entre 2005 a 2019 una fortuna millonaria con una treintena de propiedades ocultas en Texas y el estado de Tamaulipas, cuyo valor asciende a m\u00e1s de 951 millones de pesos por encima de los 50 millones de pesos que declar\u00f3 al arranque de su campa\u00f1a para gobernador.<\/p>\n\n\n\n<p>Garc\u00eda Cabeza de Vaca aprovech\u00f3 su derecho de no presentarse al juicio, pero mand\u00f3 a su abogado Alonso Aguilar Zinser en su defensa.<\/p>\n\n\n\n<p>\u201cNuestro cliente no ha cometido delito alguno de acuerdo a las constancias que obran los expedientes, que no tiene las casas, departamentos y bienes y cientos de millones de pesos que se refiere en todas las manifestaciones que se han hecho\u201d, asegur\u00f3.<\/p>\n\n\n\n<p>La FGR acusa al mandatario estatal por delincuencia organizada, operaci\u00f3n con recursos de procedencia il\u00edcita y defraudaci\u00f3n fiscal equiparada, pero la Secci\u00f3n Instructora s\u00f3lo encontr\u00f3 elementos para sustentar el \u00faltimo delito, con un probable da\u00f1o al fisco federal por 6.5 millones de pesos.<\/p>\n\n\n\n<p>Morena y aliados advirtieron que el gobernador de Tamaulipas pisar\u00e1 la c\u00e1rcel. Incluso, el diputado Sergio Guti\u00e9rrez Luna present\u00f3 una fotograf\u00eda con el retrato joven del mandatario estatal siendo fichado en Texas, Estados Unidos.<\/p>\n\n\n\n<p>En contra, la bancada del PAN acus\u00f3 una embestida desde Palacio nacional contra el gobernador de su partido; mientras, el PRI, PRD y MC se\u00f1alaron atropell\u00f3 al procedimiento legal para dictaminar el caso.<\/p>\n\n\n\n<p>DEJAN FUERO<\/p>\n\n\n\n<p>Luego de ser aprobado en San L\u00e1zaro, el Congreso de Tamaulipas discuti\u00f3 en \u201cfast track\u201d el resolutivo, pero fue rechazado con 26 votos a favor, tres en contra y siete.<\/p>\n\n\n\n<p>Con esto deber\u00e1 enfrentar las acusaciones que se le imputan hasta que deje el puesto en octubre del 2022. La decisi\u00f3n del Congreso local estuvo basada en lo establecido por el art\u00edculo 111 constitucional, que deja la \u00faltima palabra en materia de desafuero a las legislaturas locales.<\/p>\n\n\n\n<p>En este sentido, toca a los diputados de Tamaulipas tomar la decisi\u00f3n. En respuesta de su desafuero, a trav\u00e9s de un v\u00eddeo el gobernador asegur\u00f3 que no \u201ces una causa de justicia, sino una venganza pol\u00edtica\u201d.<\/p>\n\n\n\n<p>(Informaci\u00f3n de \u201cEl Heraldo de M\u00e9xico\u201d)<\/p>\n","protected":false},"excerpt":{"rendered":"<p>Redacci\u00f3n\/Zona Roja Cdmx. Ciudad de M\u00e9xico, 1 de mayo de 2021.- La C\u00e1mara de Diputados&hellip;<\/p>\n","protected":false},"author":2,"featured_media":26666,"comment_status":"closed","ping_status":"open","sticky":false,"template":"","format":"standard","meta":{"_lmt_disableupdate":"","_lmt_disable":"","_jetpack_memberships_contains_paid_content":false,"footnotes":""},"categories":[109,47],"tags":[2645],"class_list":["post-26665","post","type-post","status-publish","format-standard","has-post-thumbnail","hentry","category-minuto-a-minuto","category-zona-gris","tag-francisco-javier-garcia-cabeza-de-vaca"],"jetpack_featured_media_url":"https:\/\/zonaroja.com.mx\/wp-content\/uploads\/2021\/05\/Francisco-Garcia-Cabeza-de-Vaca.png","jetpack_sharing_enabled":true,"_links":{"self":[{"href":"https:\/\/zonaroja.com.mx\/index.php?rest_route=\/wp\/v2\/posts\/26665","targetHints":{"allow":["GET"]}}],"collection":[{"href":"https:\/\/zonaroja.com.mx\/index.php?rest_route=\/wp\/v2\/posts"}],"about":[{"href":"https:\/\/zonaroja.com.mx\/index.php?rest_route=\/wp\/v2\/types\/post"}],"author":[{"embeddable":true,"href":"https:\/\/zonaroja.com.mx\/index.php?rest_route=\/wp\/v2\/users\/2"}],"replies":[{"embeddable":true,"href":"https:\/\/zonaroja.com.mx\/index.php?rest_route=%2Fwp%2Fv2%2Fcomments&post=26665"}],"version-history":[{"count":1,"href":"https:\/\/zonaroja.com.mx\/index.php?rest_route=\/wp\/v2\/posts\/26665\/revisions"}],"predecessor-version":[{"id":26667,"href":"https:\/\/zonaroja.com.mx\/index.php?rest_route=\/wp\/v2\/posts\/26665\/revisions\/26667"}],"wp:featuredmedia":[{"embeddable":true,"href":"https:\/\/zonaroja.com.mx\/index.php?rest_route=\/wp\/v2\/media\/26666"}],"wp:attachment":[{"href":"https:\/\/zonaroja.com.mx\/index.php?rest_route=%2Fwp%2Fv2%2Fmedia&parent=26665"}],"wp:term":[{"taxonomy":"category","embeddable":true,"href":"https:\/\/zonaroja.com.mx\/index.php?rest_route=%2Fwp%2Fv2%2Fcategories&post=26665"},{"taxonomy":"post_tag","embeddable":true,"href":"https:\/\/zonaroja.com.mx\/index.php?rest_route=%2Fwp%2Fv2%2Ftags&post=26665"}],"curies":[{"name":"wp","href":"https:\/\/api.w.org\/{rel}","templated":true}]}}