{"id":26669,"date":"2021-05-01T07:59:11","date_gmt":"2021-05-01T12:59:11","guid":{"rendered":"http:\/\/www.zonaroja.com.mx\/?p=26669"},"modified":"2021-05-01T07:59:15","modified_gmt":"2021-05-01T12:59:15","slug":"desaparece-diputado-abusador-de-menores-morena-lo-desconoce-en-su-bancada","status":"publish","type":"post","link":"https:\/\/zonaroja.com.mx\/?p=26669","title":{"rendered":"Desaparece diputado abusador de menores; Morena lo desconoce en su bancada"},"content":{"rendered":"\n<p>Redacci\u00f3n\/Zona Roja Cdmx.<\/p>\n\n\n\n<p>Ciudad de M\u00e9xico, 1 de mayo de 2021.- Autoridades federales aeroportuarias y mar\u00edtimas de M\u00e9xico implementaron avisos de restricci\u00f3n ante la posible salida del pa\u00eds del diputado federal Benjam\u00edn Huerta Corona.<\/p>\n\n\n\n<p>Mientras tanto, la bancada del Partido Morena lo separ\u00f3 de su fracci\u00f3n en la C\u00e1mara alta, en tanto procede el juicio en su contra.<\/p>\n\n\n\n<p>Este viernes, personal de la C\u00e1mara de Diputados notific\u00f3 personalmente en la Ciudad de M\u00e9xico al legislador, acusado de abuso sexual a dos menores de edad, que enfrenta un proceso de desafuero a solicitud de la Fiscal\u00eda General de Justicia capitalina.<\/p>\n\n\n\n<p>En el proceso del juicio de desafuero del diputado poblano arranc\u00f3 el pasado 28 de abril, el cual podr\u00eda extenderse hasta junio pr\u00f3ximo. Pablo G\u00f3mez explic\u00f3 que no van a acelerar los plazos porque seguir\u00e1n un proceso legal, en los tiempos establecidos conforme a la ley.<\/p>\n\n\n\n<p>Huerta Corona tiene 7 d\u00edas para exponer alegatos respecto a las acusaciones que le imputan, y en total ser\u00e1n 30 d\u00edas para que tanto la Fiscal\u00eda General de Justicia de la Ciudad de M\u00e9xico presenten pruebas y alegatos.<\/p>\n\n\n\n<p>\u201cNo podemos convertir el plazo de 30 d\u00edas para pruebas en 3 d\u00edas, ser\u00eda una cosa completamente ilegal y aborrecible, todos han tenido los 30 d\u00edas de Ley para presentar sus pruebas de descargo\u201d, expres\u00f3.<\/p>\n\n\n\n<p>(Con informaci\u00f3n de \u201cEl Heraldo de M\u00e9xico\u201d)<\/p>\n","protected":false},"excerpt":{"rendered":"<p>Redacci\u00f3n\/Zona Roja Cdmx. Ciudad de M\u00e9xico, 1 de mayo de 2021.- Autoridades federales aeroportuarias y&hellip;<\/p>\n","protected":false},"author":2,"featured_media":26421,"comment_status":"closed","ping_status":"open","sticky":false,"template":"","format":"standard","meta":{"_lmt_disableupdate":"","_lmt_disable":"","_jetpack_memberships_contains_paid_content":false,"footnotes":""},"categories":[109,47],"tags":[2646],"class_list":["post-26669","post","type-post","status-publish","format-standard","has-post-thumbnail","hentry","category-minuto-a-minuto","category-zona-gris","tag-benjamin-huerta-corona"],"jetpack_featured_media_url":"https:\/\/zonaroja.com.mx\/wp-content\/uploads\/2021\/04\/Saul-Huerta.jpg","jetpack_sharing_enabled":true,"_links":{"self":[{"href":"https:\/\/zonaroja.com.mx\/index.php?rest_route=\/wp\/v2\/posts\/26669","targetHints":{"allow":["GET"]}}],"collection":[{"href":"https:\/\/zonaroja.com.mx\/index.php?rest_route=\/wp\/v2\/posts"}],"about":[{"href":"https:\/\/zonaroja.com.mx\/index.php?rest_route=\/wp\/v2\/types\/post"}],"author":[{"embeddable":true,"href":"https:\/\/zonaroja.com.mx\/index.php?rest_route=\/wp\/v2\/users\/2"}],"replies":[{"embeddable":true,"href":"https:\/\/zonaroja.com.mx\/index.php?rest_route=%2Fwp%2Fv2%2Fcomments&post=26669"}],"version-history":[{"count":1,"href":"https:\/\/zonaroja.com.mx\/index.php?rest_route=\/wp\/v2\/posts\/26669\/revisions"}],"predecessor-version":[{"id":26670,"href":"https:\/\/zonaroja.com.mx\/index.php?rest_route=\/wp\/v2\/posts\/26669\/revisions\/26670"}],"wp:featuredmedia":[{"embeddable":true,"href":"https:\/\/zonaroja.com.mx\/index.php?rest_route=\/wp\/v2\/media\/26421"}],"wp:attachment":[{"href":"https:\/\/zonaroja.com.mx\/index.php?rest_route=%2Fwp%2Fv2%2Fmedia&parent=26669"}],"wp:term":[{"taxonomy":"category","embeddable":true,"href":"https:\/\/zonaroja.com.mx\/index.php?rest_route=%2Fwp%2Fv2%2Fcategories&post=26669"},{"taxonomy":"post_tag","embeddable":true,"href":"https:\/\/zonaroja.com.mx\/index.php?rest_route=%2Fwp%2Fv2%2Ftags&post=26669"}],"curies":[{"name":"wp","href":"https:\/\/api.w.org\/{rel}","templated":true}]}}