{"id":2668,"date":"2019-07-31T08:15:14","date_gmt":"2019-07-31T13:15:14","guid":{"rendered":"http:\/\/www.zonaroja.com.mx\/?p=2668"},"modified":"2019-07-31T08:15:16","modified_gmt":"2019-07-31T13:15:16","slug":"exigen-juicio-politico-para-presidente-del-tribunal-de-justicia-administrativa","status":"publish","type":"post","link":"https:\/\/zonaroja.com.mx\/?p=2668","title":{"rendered":"Exigen juicio pol\u00edtico para presidente del Tribunal de Justicia Administrativa"},"content":{"rendered":"\n<p>Redacci\u00f3n<\/p>\n\n\n\n<p>Oaxaca de\nJu\u00e1rez, Oax., 31 de julio de 2019.- Abogados de la entidad oaxaque\u00f1a\ndenunciaron ante el Congreso local al magistrado Adri\u00e1n Quiroga Avenda\u00f1o, presidente\ndel Tribunal de Justicia Administrativa del Estado de Oaxaca, por violaciones\ngraves, sistem\u00e1ticas y reiterativas a la Constituci\u00f3n Pol\u00edtica del Estado\nLibre y Soberano de Oaxaca, y exigieron juicio pol\u00edtico en su contra. <\/p>\n\n\n\n<p>Lo anterior\nya que lo acusan de no revisar y verificar la vigencia de las designaciones de\nlas y los magistrados del Tribunal, omisi\u00f3n que constituye una violaci\u00f3n\nflagrantemente a lo ordenado por la Constituci\u00f3n Pol\u00edtica de Oaxaca, en sus art\u00edculos\n101, 102 y 111.<\/p>\n\n\n\n<p>De acuerdo\ncon los denunciantes, dicha situaci\u00f3n ha ocasionado da\u00f1o grave al Estado ya\nque actualmente no se cuenta con un Tribunal de Justicia Administrativa\nconstitucionalmente v\u00e1lido, dando as\u00ed pie a la incertidumbre e inseguridad\nconstitucional y legal en la administraci\u00f3n de justicia del estado.<\/p>\n\n\n\n<p>\u201cLa omisi\u00f3n\ndel magistrado Adri\u00e1n Quiroga Avenda\u00f1o ocasiona un da\u00f1o irreversible e\nirreparable al estado y al pueblo de Oaxaca, ya que los magistrados del\nTribunal est\u00e1n firmando sendas resoluciones o acuerdos sin facultades\nconstitucionales y legales para hacerlo, ya que su tiempo en el cargo ha\nexpirado\u201d, refiere el documento. <\/p>\n\n\n\n<p>En este\nsentido, denunciaron ante la opini\u00f3n p\u00fablica el silencio c\u00f3mplice de la\nmagistrada Mar\u00eda Eugenia Villanueva Abraham, titular del Poder Judicial en\nOaxaca, as\u00ed como de Jos\u00e9 Octavio Tinajero Zenil, Consejero Jur\u00eddico del\nGobierno del Estado, quienes aseguran son conocedores de la problem\u00e1tica. <\/p>\n\n\n\n<p>A la par de\npresentar las pruebas que consideran avalan su dicho, solicitaron a las y los\ndiputados de la 64 Legislatura recibir la denuncia e iniciar el procedimiento\nque se\u00f1ala la Constituci\u00f3n Pol\u00edtica del Estado Libre y Soberano de Oaxaca,\nintegrando la comisi\u00f3n que se encargar\u00e1 de analizar la acusaci\u00f3n y\nsubstanciar el procedimiento respectivo, con audiencia del inculpado.<\/p>\n\n\n\n<p>As\u00ed mismo,\nemitan en tiempo y forma la sanci\u00f3n de destituci\u00f3n del presidente del Tribunal\nde Justicia Administrativa del Estado de Oaxaca, as\u00ed como la inhabilitaci\u00f3n\nque por ley le corresponda para ocupar cargos p\u00fablicos a consecuencia de haber\ncausado mal al Estado en uno de sus Poderes.<\/p>\n\n\n\n<p>El 24 de\nmayo del 2018 el magistrado Adri\u00e1n Quiroga Avenda\u00f1o, fue designado como\nPresidente del Tribunal de Justicia Administrativa del Estado de Oaxaca y jur\u00f3 hacer\ncumplir las leyes en la materia.<\/p>\n","protected":false},"excerpt":{"rendered":"<p>Redacci\u00f3n Oaxaca de Ju\u00e1rez, Oax., 31 de julio de 2019.- Abogados de la entidad oaxaque\u00f1a&hellip;<\/p>\n","protected":false},"author":2,"featured_media":2669,"comment_status":"closed","ping_status":"open","sticky":false,"template":"","format":"standard","meta":{"_lmt_disableupdate":"","_lmt_disable":"","_jetpack_memberships_contains_paid_content":false,"footnotes":""},"categories":[109,47],"tags":[439],"class_list":["post-2668","post","type-post","status-publish","format-standard","has-post-thumbnail","hentry","category-minuto-a-minuto","category-zona-gris","tag-exigen-juicio-politico-a-adrian-quiroga-avendano"],"jetpack_featured_media_url":"https:\/\/zonaroja.com.mx\/wp-content\/uploads\/2019\/07\/Adri\u00e1n-Quiroga.jpg","jetpack_sharing_enabled":true,"_links":{"self":[{"href":"https:\/\/zonaroja.com.mx\/index.php?rest_route=\/wp\/v2\/posts\/2668","targetHints":{"allow":["GET"]}}],"collection":[{"href":"https:\/\/zonaroja.com.mx\/index.php?rest_route=\/wp\/v2\/posts"}],"about":[{"href":"https:\/\/zonaroja.com.mx\/index.php?rest_route=\/wp\/v2\/types\/post"}],"author":[{"embeddable":true,"href":"https:\/\/zonaroja.com.mx\/index.php?rest_route=\/wp\/v2\/users\/2"}],"replies":[{"embeddable":true,"href":"https:\/\/zonaroja.com.mx\/index.php?rest_route=%2Fwp%2Fv2%2Fcomments&post=2668"}],"version-history":[{"count":1,"href":"https:\/\/zonaroja.com.mx\/index.php?rest_route=\/wp\/v2\/posts\/2668\/revisions"}],"predecessor-version":[{"id":2670,"href":"https:\/\/zonaroja.com.mx\/index.php?rest_route=\/wp\/v2\/posts\/2668\/revisions\/2670"}],"wp:featuredmedia":[{"embeddable":true,"href":"https:\/\/zonaroja.com.mx\/index.php?rest_route=\/wp\/v2\/media\/2669"}],"wp:attachment":[{"href":"https:\/\/zonaroja.com.mx\/index.php?rest_route=%2Fwp%2Fv2%2Fmedia&parent=2668"}],"wp:term":[{"taxonomy":"category","embeddable":true,"href":"https:\/\/zonaroja.com.mx\/index.php?rest_route=%2Fwp%2Fv2%2Fcategories&post=2668"},{"taxonomy":"post_tag","embeddable":true,"href":"https:\/\/zonaroja.com.mx\/index.php?rest_route=%2Fwp%2Fv2%2Ftags&post=2668"}],"curies":[{"name":"wp","href":"https:\/\/api.w.org\/{rel}","templated":true}]}}