{"id":26683,"date":"2021-05-01T17:24:45","date_gmt":"2021-05-01T22:24:45","guid":{"rendered":"http:\/\/www.zonaroja.com.mx\/?p=26683"},"modified":"2021-05-01T17:24:49","modified_gmt":"2021-05-01T22:24:49","slug":"se-quiebra-seccion-22-dirigencia-complace-a-gobernador-y-bases-marchan-en-contra","status":"publish","type":"post","link":"https:\/\/zonaroja.com.mx\/?p=26683","title":{"rendered":"Se quiebra Secci\u00f3n 22; dirigencia complace a gobernador y bases marchan en contra"},"content":{"rendered":"\n<p>Yuridiana Sosa\/Zona Roja.<\/p>\n\n\n\n<p>Oaxaca de Ju\u00e1rez, Oax., 1 de mayo de 2021.- Sin el apoyo de las bases, el Comit\u00e9 Ejecutivo de la Secci\u00f3n 22 del SNTE entreg\u00f3 este s\u00e1bado el pliego petitorio 2021 al gobernador Alejandro Murat Hinojosa, en la sede de Ciudad Administrativa.<\/p>\n\n\n\n<p>Como cada 1 de mayo, la gremial hizo entrega del documento de demandas, del cual el secretario general, Eloy L\u00f3pez Mart\u00ednez no ofreci\u00f3 detalles en el breve mitin que realiz\u00f3 a fuera del complejo de gobierno, ubicado en Tlalixtac de Cabrera.<\/p>\n\n\n\n<p>Despu\u00e9s de las 8:00 horas, la dirigencia sindical hizo presencia en la sede administrativa acompa\u00f1ada por el Frente Unificador de Sindicatos Independientes Oaxaque\u00f1os y Nacionales (FUSION), mientras que una representaci\u00f3n de la base sindical se reun\u00eda en otro punto para marchar contra el Comit\u00e9 Ejecutivo.<\/p>\n\n\n\n<p>DEFIENDE LIDERAZGO<\/p>\n\n\n\n<p>En su mensaje, previo al encuentro con el gobernador, el secretario general de la Secci\u00f3n 22, Eloy L\u00f3pez Mart\u00ednez, mencion\u00f3 sobre la divisi\u00f3n que afecta al gremio en Oaxaca adherido a la Coordinadora Nacional de Trabajadores de la Educaci\u00f3n (CNTE).<\/p>\n\n\n\n<p>\u201cAhora, aquellos que en alg\u00fan momento se\u00f1alaron al magisterio, corrieron, hoy quieren levantar la voz y lo hacen medi\u00e1ticamente (\u2026) hoy debemos seguir manteniendo este movimiento de la secci\u00f3n la \u00fanica, no hay dos. Somos congruentes\u201d, expres\u00f3.<\/p>\n\n\n\n<p>LA MARCHA<\/p>\n\n\n\n<p>Sin la presencia de la dirigencia estatal, integrantes de la Secci\u00f3n 22 de la CNTE marcharon por cuenta propia en el Centro Hist\u00f3rico de Oaxaca para demandar relevo sindical.<\/p>\n\n\n\n<p>\u201cAnte la traici\u00f3n del CES \u2013Comit\u00e9 Ejecutivo Seccional-&nbsp; la base exige relevo seccional \u00a1ya!\u201d, exigieron por medio de pintas y careles que pegaron a su paso por la avenida Ju\u00e1rez, del Parque Ju\u00e1rez \u00abEl Llano\u00bb hasta incorporarse a la Alameda de Le\u00f3n.<\/p>\n\n\n\n<p>Los manifestantes exigen la salida de su dirigente estatal, Eloy L\u00f3pez, quien aseguran ha privilegiado los acuerdos con el gobierno del estado que las demandas de las bases.<\/p>\n\n\n\n<p>Al paso de la marcha por Casa Oficial, tambi\u00e9n realizaron pintas. \u201cFuera el PRI\u201d, escribieron en el port\u00f3n del acceso principal.<\/p>\n\n\n\n<p>Tambi\u00e9n expresaron su rechazo a la reforma educativa aprobada en el sexenio de Enrique Pe\u00f1a Nieto y de las reformas a la ley de pensiones para los agremiados del Instituto de Seguridad y Servicios Sociales de los Trabajadores del Estado, frene al pago con Unidad de Medida y Actualizaci\u00f3n (UMA).<\/p>\n","protected":false},"excerpt":{"rendered":"<p>Yuridiana Sosa\/Zona Roja. Oaxaca de Ju\u00e1rez, Oax., 1 de mayo de 2021.- Sin el apoyo&hellip;<\/p>\n","protected":false},"author":2,"featured_media":26684,"comment_status":"closed","ping_status":"open","sticky":false,"template":"","format":"standard","meta":{"_lmt_disableupdate":"","_lmt_disable":"","_jetpack_memberships_contains_paid_content":false,"footnotes":""},"categories":[109,47],"tags":[312],"class_list":["post-26683","post","type-post","status-publish","format-standard","has-post-thumbnail","hentry","category-minuto-a-minuto","category-zona-gris","tag-seccion-22-del-snte"],"jetpack_featured_media_url":"https:\/\/zonaroja.com.mx\/wp-content\/uploads\/2021\/05\/Marcha-Seccion-22.jpg","jetpack_sharing_enabled":true,"_links":{"self":[{"href":"https:\/\/zonaroja.com.mx\/index.php?rest_route=\/wp\/v2\/posts\/26683","targetHints":{"allow":["GET"]}}],"collection":[{"href":"https:\/\/zonaroja.com.mx\/index.php?rest_route=\/wp\/v2\/posts"}],"about":[{"href":"https:\/\/zonaroja.com.mx\/index.php?rest_route=\/wp\/v2\/types\/post"}],"author":[{"embeddable":true,"href":"https:\/\/zonaroja.com.mx\/index.php?rest_route=\/wp\/v2\/users\/2"}],"replies":[{"embeddable":true,"href":"https:\/\/zonaroja.com.mx\/index.php?rest_route=%2Fwp%2Fv2%2Fcomments&post=26683"}],"version-history":[{"count":1,"href":"https:\/\/zonaroja.com.mx\/index.php?rest_route=\/wp\/v2\/posts\/26683\/revisions"}],"predecessor-version":[{"id":26685,"href":"https:\/\/zonaroja.com.mx\/index.php?rest_route=\/wp\/v2\/posts\/26683\/revisions\/26685"}],"wp:featuredmedia":[{"embeddable":true,"href":"https:\/\/zonaroja.com.mx\/index.php?rest_route=\/wp\/v2\/media\/26684"}],"wp:attachment":[{"href":"https:\/\/zonaroja.com.mx\/index.php?rest_route=%2Fwp%2Fv2%2Fmedia&parent=26683"}],"wp:term":[{"taxonomy":"category","embeddable":true,"href":"https:\/\/zonaroja.com.mx\/index.php?rest_route=%2Fwp%2Fv2%2Fcategories&post=26683"},{"taxonomy":"post_tag","embeddable":true,"href":"https:\/\/zonaroja.com.mx\/index.php?rest_route=%2Fwp%2Fv2%2Ftags&post=26683"}],"curies":[{"name":"wp","href":"https:\/\/api.w.org\/{rel}","templated":true}]}}